{"id":2847,"date":"2022-10-01T06:00:14","date_gmt":"2022-10-01T04:00:14","guid":{"rendered":"https:\/\/blogs.larioja.com\/entrevisillos\/?p=2847"},"modified":"2022-09-30T19:33:50","modified_gmt":"2022-09-30T17:33:50","slug":"dignidad-y-beneficio","status":"publish","type":"post","link":"https:\/\/blogs.larioja.com\/entrevisillos\/2022\/10\/01\/dignidad-y-beneficio\/","title":{"rendered":"Dignidad y beneficio"},"content":{"rendered":"<p><strong>\u00a0 \u00a0 \u00a0 \u00a0 \u00a0 \u00a0A veces tengo la sensaci\u00f3n de que creemos que solo se mueren los dem\u00e1s, que jam\u00e1s seremos ancianos ni necesitaremos cuidados. Ignorar la vejez es igual que negar un porvenir inexorable. La pandemia puso de manifiesto las miserias de nuestro sistema asistencial geri\u00e1trico, los 34.000 ancianos fallecidos por covid o con s\u00edntomas en las residencias es la prueba palmaria. Todos recordamos el abandono sanitario de los mayores que ca\u00edan como conejos, sobre todo, en residencia privadas sin m\u00e9dicos ni enfermeras. Los que levantaron este pa\u00eds en su juventud murieron solos y asustados, v\u00edctimas de la crueldad selectiva que algunos defend\u00edan. La dignidad de estas personas fue atropellada sin contemplaciones. Lo m\u00e1s terrible no es que nunca sabremos el n\u00famero real de muertos sino que de tan larga lista de difuntos y de las penosas condiciones en que fallecieron solo se acuerdan sus familiares.<\/strong><\/p>\n<p><strong>\u00a0\u00a0\u00a0\u00a0\u00a0\u00a0\u00a0\u00a0\u00a0\u00a0\u00a0 Mientras los fastos del funeral de Isabel II ocupaban todos los informativos, en Madrid, una manifestaci\u00f3n de familiares de ancianos en residencias pasaba desapercibida. Denunciaban la continua vulneraci\u00f3n de derechos humanos en un sector mayoritariamente en manos privadas y fondos buitre. La falta de personal y la inexistencia, en general, de personal especializado convierte el cuidado de ancianos en un mero negocio en el que la parte humana no tiene cabida. En Espa\u00f1a, seg\u00fan el CSIC, hay 384.251 plazas disponibles de las cuales 281.332, es decir, el 73,2% son privadas y 102.919, el 26,8%, son p\u00fablicas aunque la mayor\u00eda de gesti\u00f3n privada. Faltan plazas pero sobre todo lo que falta es sensibilidad y respeto a la dignidad del anciano. Los manifestantes censuraban \u201cla deficiente atenci\u00f3n m\u00e9dica\u201d, \u201cla alimentaci\u00f3n escasa y pobre\u201d, \u201cla ausencia de servicios de inspecci\u00f3n\u201d y las \u201ccontinuas violaciones de la normativa por parte de las empresas operadoras\u201d. En las privadas se pagan de media 2.000 \u20ac mensuales (la pensi\u00f3n media es de 1.251 \u20ac y 1.087 \u20ac si se incluyen las de incapacidad permanente, viudedad, etc.) y p\u00fablicas hay pocas.<\/strong><\/p>\n<p><strong>\u00a0 \u00a0 \u00a0 \u00a0 \u00a0 \u00a0Si el negocio es el \u00fanico objetivo, las residencias se convierten en trasteros donde almacenar lo que molesta en los que se ignora la dignidad del anciano. El trato compasivo precisa personal especializado, un exceso no contemplado porque la ternura no produce beneficios econ\u00f3micos. El otro d\u00eda charlaba con el hijo de una anciana, gran dependiente, ingresada en una residencia privada. Estaba desolado de lo que vio y sin saber qu\u00e9 hacer por su madre a la que visita cuanto su trabajo le permite. Esta experiencia com\u00fan demuestra la necesidad de afectos al final de tus d\u00edas y tambi\u00e9n que no hay cuenta de resultados en la que computen la compasi\u00f3n, el consuelo, la ternura y la piedad algo tan importante para sobrevivir cuando ya no hay horizonte alguno que alcanzar.<\/strong><\/p>\n","protected":false},"excerpt":{"rendered":"<p>\u00a0 \u00a0 \u00a0 \u00a0 \u00a0 \u00a0A veces tengo la sensaci\u00f3n de que creemos que solo se mueren los dem\u00e1s, que jam\u00e1s seremos ancianos ni necesitaremos cuidados. Ignorar la vejez es igual que negar un porvenir inexorable. La pandemia puso de manifiesto las miserias de nuestro sistema asistencial geri\u00e1trico, los 34.000 ancianos fallecidos por covid o [&hellip;]<\/p>\n","protected":false},"author":28,"featured_media":2852,"comment_status":"open","ping_status":"open","sticky":false,"template":"","format":"standard","meta":[],"categories":[1],"tags":[321],"_links":{"self":[{"href":"https:\/\/blogs.larioja.com\/entrevisillos\/wp-json\/wp\/v2\/posts\/2847"}],"collection":[{"href":"https:\/\/blogs.larioja.com\/entrevisillos\/wp-json\/wp\/v2\/posts"}],"about":[{"href":"https:\/\/blogs.larioja.com\/entrevisillos\/wp-json\/wp\/v2\/types\/post"}],"author":[{"embeddable":true,"href":"https:\/\/blogs.larioja.com\/entrevisillos\/wp-json\/wp\/v2\/users\/28"}],"replies":[{"embeddable":true,"href":"https:\/\/blogs.larioja.com\/entrevisillos\/wp-json\/wp\/v2\/comments?post=2847"}],"version-history":[{"count":1,"href":"https:\/\/blogs.larioja.com\/entrevisillos\/wp-json\/wp\/v2\/posts\/2847\/revisions"}],"predecessor-version":[{"id":2848,"href":"https:\/\/blogs.larioja.com\/entrevisillos\/wp-json\/wp\/v2\/posts\/2847\/revisions\/2848"}],"wp:featuredmedia":[{"embeddable":true,"href":"https:\/\/blogs.larioja.com\/entrevisillos\/wp-json\/wp\/v2\/media\/2852"}],"wp:attachment":[{"href":"https:\/\/blogs.larioja.com\/entrevisillos\/wp-json\/wp\/v2\/media?parent=2847"}],"wp:term":[{"taxonomy":"category","embeddable":true,"href":"https:\/\/blogs.larioja.com\/entrevisillos\/wp-json\/wp\/v2\/categories?post=2847"},{"taxonomy":"post_tag","embeddable":true,"href":"https:\/\/blogs.larioja.com\/entrevisillos\/wp-json\/wp\/v2\/tags?post=2847"}],"curies":[{"name":"wp","href":"https:\/\/api.w.org\/{rel}","templated":true}]}}