{"id":2875,"date":"2022-11-05T06:00:07","date_gmt":"2022-11-05T04:00:07","guid":{"rendered":"https:\/\/blogs.larioja.com\/entrevisillos\/?p=2875"},"modified":"2022-11-04T17:55:55","modified_gmt":"2022-11-04T15:55:55","slug":"silencio","status":"publish","type":"post","link":"https:\/\/blogs.larioja.com\/entrevisillos\/2022\/11\/05\/silencio\/","title":{"rendered":"Silencio"},"content":{"rendered":"<p><strong>El silencio es, a veces, m\u00e1s perturbador que las palabras. Llevo toda la semana pregunt\u00e1ndome qu\u00e9 hubiera pasado en Espa\u00f1a si un presidente en ejercicio resultara perdedor de las elecciones y guardara un silencio cobarde, calculado y t\u00e1ctico para no reconocer su derrota. La actitud de Bolsonaro tras las elecciones de Brasil es vergonzosa e inquietante para cualquier dem\u00f3crata. Claro que ver a una diputada perseguir a punta de pistola a un ciudadano hasta acorralarlo en un bar porque dice que la molest\u00f3 verbalmente no solo pone los pelos de punta sino que es un s\u00edntoma de una enfermedad que germina entre el odio y la intolerancia. Cultivar el enfrentamiento y el insulto hacia el adversario solo puede traer disgustos. Auspiciarlos desde el poder y desde la pol\u00edtica es un riesgo que dinamita las instituciones y la convivencia pac\u00edfica. Con su silencio ha dado alas a tumultos y enfrentamientos callejeros. En Espa\u00f1a, no hemos llegado a tanto pero ya no hay l\u00edmites a la agresi\u00f3n verbal en los parlamentos. Se insulta gravemente como si fuera lo m\u00e1s normal del mundo. Lo ha hecho el vicepresidente de Castilla-Le\u00f3n, Garc\u00eda Gallardo, llamando \u201cl\u00edder de una banda criminal\u201d a Pedro S\u00e1nchez mientras el resto de diputados coaligados con \u00e9l miran al techo como si no hubieran escuchado nada. A m\u00ed estas cosas no me dan risa sino miedo.<\/strong><\/p>\n<p><strong>La historia, pasada y reciente, demuestra que quienes m\u00e1s hablan de amar la Constituci\u00f3n, la democracia y la patria m\u00e1s incumplen la primera, detestan la segunda o utilizan todas ellas en su propio beneficio. Quienes creen que la democracia es tan fuerte que no puede ser revertida es que viven en la inopia de lo que est\u00e1 ocurriendo en el mundo. Trump jug\u00f3 a partir en dos EEUU y lo consigui\u00f3 y sus seguidores siguen alentando que Biden le rob\u00f3 las elecciones igual que Bolsonaro ha hecho con su silencio. El asalto al Capitolio o los cortes de carreteras son la consecuencia y tambi\u00e9n el instrumento para debilitar el sistema democr\u00e1tico. Ahora a estos pol\u00edticos se les llama \u201ciliberales\u201d pero en realidad son personajes que creen que el poder solo es leg\u00edtimo si lo ejercen ellos, los dem\u00e1s son \u201cokupas\u201d, advenedizos de una potestad a la que est\u00e1n predestinados.<\/strong><\/p>\n<p><strong>Imagino los gritos e improperios que se habr\u00e1n escuchado estos d\u00edas en el Palacio de Planalto, sede del gobierno brasile\u00f1o. La noche de Halloween, si hab\u00eda fantasmas escondidos, debieron huir de miedo. Cuando se sue\u00f1a con el poder y no con el servicio p\u00fablico, cuando se niega la legitimidad del adversario, es decir, cuando el autoritarismo emerge de las v\u00edsceras se pierde la cordura y, como dec\u00eda Goya, el sue\u00f1o de la raz\u00f3n produce monstruos. Solo deseo que aqu\u00ed, en esta Espa\u00f1a nuestra no cultivemos el odio al que no piensa como nosotros. \u00a1Cuidado que el aire comienza a hacerse irrespirable!<\/strong><\/p>\n","protected":false},"excerpt":{"rendered":"<p>El silencio es, a veces, m\u00e1s perturbador que las palabras. Llevo toda la semana pregunt\u00e1ndome qu\u00e9 hubiera pasado en Espa\u00f1a si un presidente en ejercicio resultara perdedor de las elecciones y guardara un silencio cobarde, calculado y t\u00e1ctico para no reconocer su derrota. La actitud de Bolsonaro tras las elecciones de Brasil es vergonzosa e [&hellip;]<\/p>\n","protected":false},"author":28,"featured_media":2877,"comment_status":"open","ping_status":"open","sticky":false,"template":"","format":"standard","meta":[],"categories":[1],"tags":[1548,1516,1517,294,416,2423,2422,1249,1115],"_links":{"self":[{"href":"https:\/\/blogs.larioja.com\/entrevisillos\/wp-json\/wp\/v2\/posts\/2875"}],"collection":[{"href":"https:\/\/blogs.larioja.com\/entrevisillos\/wp-json\/wp\/v2\/posts"}],"about":[{"href":"https:\/\/blogs.larioja.com\/entrevisillos\/wp-json\/wp\/v2\/types\/post"}],"author":[{"embeddable":true,"href":"https:\/\/blogs.larioja.com\/entrevisillos\/wp-json\/wp\/v2\/users\/28"}],"replies":[{"embeddable":true,"href":"https:\/\/blogs.larioja.com\/entrevisillos\/wp-json\/wp\/v2\/comments?post=2875"}],"version-history":[{"count":1,"href":"https:\/\/blogs.larioja.com\/entrevisillos\/wp-json\/wp\/v2\/posts\/2875\/revisions"}],"predecessor-version":[{"id":2876,"href":"https:\/\/blogs.larioja.com\/entrevisillos\/wp-json\/wp\/v2\/posts\/2875\/revisions\/2876"}],"wp:featuredmedia":[{"embeddable":true,"href":"https:\/\/blogs.larioja.com\/entrevisillos\/wp-json\/wp\/v2\/media\/2877"}],"wp:attachment":[{"href":"https:\/\/blogs.larioja.com\/entrevisillos\/wp-json\/wp\/v2\/media?parent=2875"}],"wp:term":[{"taxonomy":"category","embeddable":true,"href":"https:\/\/blogs.larioja.com\/entrevisillos\/wp-json\/wp\/v2\/categories?post=2875"},{"taxonomy":"post_tag","embeddable":true,"href":"https:\/\/blogs.larioja.com\/entrevisillos\/wp-json\/wp\/v2\/tags?post=2875"}],"curies":[{"name":"wp","href":"https:\/\/api.w.org\/{rel}","templated":true}]}}