{"id":2883,"date":"2022-11-19T01:27:39","date_gmt":"2022-11-18T23:27:39","guid":{"rendered":"https:\/\/blogs.larioja.com\/entrevisillos\/?p=2883"},"modified":"2022-11-19T01:27:39","modified_gmt":"2022-11-18T23:27:39","slug":"delitos-y-patrias","status":"publish","type":"post","link":"https:\/\/blogs.larioja.com\/entrevisillos\/2022\/11\/19\/delitos-y-patrias\/","title":{"rendered":"Delitos y patrias"},"content":{"rendered":"<p><strong>Quienes en Espa\u00f1a anuncian apocalipsis si se modifica el delito de sedici\u00f3n y son expertos en repartir t\u00edtulos de patriotas y de traidores, deben tener una larga lista de nominados. Desde el siglo XIX, nuestra historia est\u00e1 sembrada de sediciones (contra el orden p\u00fablico) y rebeliones (contra el orden constitucional). El miedo al pasado conserv\u00f3 casi inalterados esos tipos penales. De ah\u00ed la dificultad de nuestros tribunales para conseguir extraditar a los huidos. La declaraci\u00f3n de la fugaz rep\u00fablica no fue una broma as\u00ed que el Tribunal Supremo conden\u00f3 a quienes infringieron las leyes a sabiendas y pese a las advertencias de los tribunales. Mientras, los fugados, unos cobardes capitaneados por Puigdemont contin\u00faan en Europa difamando a Espa\u00f1a. Hacen, m\u00e1s o menos, igual que otros pol\u00edticos \u2018patriotas\u2019 que solo viajan fuera para criticar a su pa\u00eds.<\/strong><\/p>\n<p><strong>\u00a0\u00a0\u00a0\u00a0\u00a0\u00a0\u00a0\u00a0\u00a0\u00a0\u00a0 Pero a lo que vamos. Las fuerzas independentistas ped\u00edan la amnist\u00eda para los sediciosos y despreciaban un posible indulto. Junqueras, por ejemplo, tras tres a\u00f1os y ocho meses en el trullo, no lo rechaz\u00f3. Vivir sin libertad es terrible aunque solo sea un mes. La concesi\u00f3n de indultos tambi\u00e9n ocasion\u00f3 el rasgado de vestiduras y el anuncio de apocalipsis entre los que dividen Espa\u00f1a entre patriotas y rompedores de patrias. Ayuso hasta se permiti\u00f3 comprometer al Rey sugiri\u00e9ndole que no los firmara, algo totalmente inconstitucional. Yo tuve muchas dudas, no estaba muy convencida de la conveniencia del indulto pero tampoco, como se dijo, de que fuera un error hist\u00f3rico. Siempre he cre\u00eddo que el nacionalismo independentista es insaciable, pero tambi\u00e9n que para alimentarse necesita v\u00edctimas a las que llamar h\u00e9roes. El indulto rompi\u00f3 su discurso y desactiv\u00f3 su propaganda. Hoy, seg\u00fan el CIS catal\u00e1n, el apoyo a la independencia retrocede progresivamente tras lograr su punto m\u00e1s \u00e1lgido en 2017 gracias a un gobierno tan \u2018patri\u00f3tico\u2019 como el de Rajoy.<\/strong><\/p>\n<p><strong>\u00a0\u00a0\u00a0\u00a0\u00a0\u00a0\u00a0\u00a0\u00a0\u00a0\u00a0 Dicen los contrarios a la reforma que es pon\u00e9rselo m\u00e1s f\u00e1cil para que se cumpla su amenaza de que volver\u00e1n a hacerlo. Creo que no es el miedo al castigo el que va a disuadirlos sino las circunstancias. En estos momentos, con el independentismo dividido entre los que siguen alimentado su propia mentira y los que empiezan a aceptar la realidad de que la independencia unilateral es imposible, no es dif\u00edcil pronosticar que pasar\u00e1n generaciones si es que vuelven a intentarlo. El contexto internacional tambi\u00e9n ayuda. Hoy, los independentistas que coquetearon con Putin y hablaron hasta de protecci\u00f3n militar deben estar avergonzados. Otra cosa es lo de modificar el delito de malversaci\u00f3n. Eso s\u00ed es peligroso. En un pa\u00eds devastado por la corrupci\u00f3n no se puede bajar la guardia por higiene p\u00fablica, porque ese s\u00ed es un delito frecuente en nuestra sociedad y en pol\u00edtica, una epidemia.<\/strong><\/p>\n","protected":false},"excerpt":{"rendered":"<p>Quienes en Espa\u00f1a anuncian apocalipsis si se modifica el delito de sedici\u00f3n y son expertos en repartir t\u00edtulos de patriotas y de traidores, deben tener una larga lista de nominados. Desde el siglo XIX, nuestra historia est\u00e1 sembrada de sediciones (contra el orden p\u00fablico) y rebeliones (contra el orden constitucional). El miedo al pasado conserv\u00f3 [&hellip;]<\/p>\n","protected":false},"author":28,"featured_media":2885,"comment_status":"open","ping_status":"open","sticky":false,"template":"","format":"standard","meta":[],"categories":[1],"tags":[168,2427,2430,1242,2429,2428],"_links":{"self":[{"href":"https:\/\/blogs.larioja.com\/entrevisillos\/wp-json\/wp\/v2\/posts\/2883"}],"collection":[{"href":"https:\/\/blogs.larioja.com\/entrevisillos\/wp-json\/wp\/v2\/posts"}],"about":[{"href":"https:\/\/blogs.larioja.com\/entrevisillos\/wp-json\/wp\/v2\/types\/post"}],"author":[{"embeddable":true,"href":"https:\/\/blogs.larioja.com\/entrevisillos\/wp-json\/wp\/v2\/users\/28"}],"replies":[{"embeddable":true,"href":"https:\/\/blogs.larioja.com\/entrevisillos\/wp-json\/wp\/v2\/comments?post=2883"}],"version-history":[{"count":1,"href":"https:\/\/blogs.larioja.com\/entrevisillos\/wp-json\/wp\/v2\/posts\/2883\/revisions"}],"predecessor-version":[{"id":2884,"href":"https:\/\/blogs.larioja.com\/entrevisillos\/wp-json\/wp\/v2\/posts\/2883\/revisions\/2884"}],"wp:featuredmedia":[{"embeddable":true,"href":"https:\/\/blogs.larioja.com\/entrevisillos\/wp-json\/wp\/v2\/media\/2885"}],"wp:attachment":[{"href":"https:\/\/blogs.larioja.com\/entrevisillos\/wp-json\/wp\/v2\/media?parent=2883"}],"wp:term":[{"taxonomy":"category","embeddable":true,"href":"https:\/\/blogs.larioja.com\/entrevisillos\/wp-json\/wp\/v2\/categories?post=2883"},{"taxonomy":"post_tag","embeddable":true,"href":"https:\/\/blogs.larioja.com\/entrevisillos\/wp-json\/wp\/v2\/tags?post=2883"}],"curies":[{"name":"wp","href":"https:\/\/api.w.org\/{rel}","templated":true}]}}