{"id":2898,"date":"2022-12-10T06:00:52","date_gmt":"2022-12-10T04:00:52","guid":{"rendered":"https:\/\/blogs.larioja.com\/entrevisillos\/?p=2898"},"modified":"2022-12-09T17:55:01","modified_gmt":"2022-12-09T15:55:01","slug":"felicidad-constitucional","status":"publish","type":"post","link":"https:\/\/blogs.larioja.com\/entrevisillos\/2022\/12\/10\/felicidad-constitucional\/","title":{"rendered":"Felicidad constitucional"},"content":{"rendered":"<p><strong>El d\u00eda de la Constituci\u00f3n amaneci\u00f3 gris. Fue de esos d\u00edas propensos a las nostalgias y a las lecturas en los que apetece quedarse en casa al calor del edred\u00f3n. Las noticias tra\u00edan el eco de los actos institucionales del 44 aniversario de la Constituci\u00f3n de 1978. Volv\u00ed mis ojos a la Constituci\u00f3n de 1812, una de las menos duraderas de nuestra historia, porque su vigencia intermitente dependi\u00f3 siempre de las humoradas absolutistas de ese funesto rey que fue Fernando VII. Me gusta especialmente <em>La Pepa<\/em> por la forma, casi rom\u00e1ntica, en que se produjo su gestaci\u00f3n en C\u00e1diz durante la ocupaci\u00f3n de las tropas francesas.<\/strong><\/p>\n<p><strong>As\u00ed que una vez m\u00e1s rele\u00ed ese art\u00edculo de la Constituci\u00f3n de 1812 por el que siento debilidad, como he confesado alguna vez en estas p\u00e1ginas. Es el art\u00edculo 13 que dice: \u00abel objeto del Gobierno es la felicidad de la Naci\u00f3n, puesto que el fin de toda sociedad pol\u00edtica no es otro que el bienestar de los individuos que la componen\u00bb. Es un texto tan voluntarista y ut\u00f3pico como nuestra propia esencia quijotesca. No es menos hermosa la forma en que se recoge esa idea en la Declaraci\u00f3n de Independencia de los Estados Unidos (1776), afirmando que los hombres \u00abcreados iguales\u00bb gozan de \u00abciertos derechos inalienables\u00bb, en concreto, \u00abla vida, la libertad y la b\u00fasqueda de la felicidad\u00bb. Me gusta mucho esta idea porque los concibe como derechos individuales a cuya consecuci\u00f3n y protecci\u00f3n se debe contribuir en una naci\u00f3n.<\/strong><\/p>\n<p><strong>Pens\u00e9 si, en la explanada frente al Congreso, estar\u00edan sus se\u00f1or\u00edas preocupadas por nuestra felicidad mientras la presidenta Meritxell Batet les recordaba, a quienes \u00a0han convertido el hemiciclo en una taberna, que \u00abel debate parlamentario es la exhibici\u00f3n de las mejores virtudes de la palabra\u00bb y que \u00e9sta debe utilizarse \u00abpara argumentar, no para herir. Para proponer, no para ofender\u00bb.<\/strong><\/p>\n<p><strong>Predicar en el desierto. Ni VOX ni el independentismo acudieron al acto, as\u00ed que ninguno pudo sentirse aludido. El resto cada cual a lo suyo. Podemos y Yolanda D\u00edaz en sus broncas internas y Ciudadanos contemplando el abismo. Feij\u00f3o, cuyo partido quebranta la carta magna neg\u00e1ndose a renovar el \u00f3rgano de gobierno de los jueces, sugiri\u00f3 que la Constituci\u00f3n est\u00e1 en riesgo si no gobierna el PP. Una \u2018fantas\u00eda\u2019 propia de su antecesor. Por su parte el presidente S\u00e1nchez, inoportuno, dada la fecha, se mostr\u00f3 abierto a modificar el delito de malversaci\u00f3n, un camino peligroso porque el uso ileg\u00edtimo de fondos p\u00fablicos es grave siempre, sea para lucro personal o para obtener beneficios pol\u00edticos, que aun me parece peor.<\/strong><\/p>\n<p><strong>Si el d\u00eda comenz\u00f3 gris termin\u00f3 con tormenta. El pedrisco (un, dos, tres) descarg\u00f3 sobre la porter\u00eda espa\u00f1ola en Qatar. Fallar todos los penaltis es casi tan imposible como conseguir la felicidad pero si no se intenta el fracaso te envuelve en su niebla.<\/strong><\/p>\n<p><a href=\"https:\/\/static-blogs.larioja.com\/wp-content\/uploads\/sites\/25\/2022\/12\/DIA-DE-LA-CONSTITUCION-1.jpeg\"><img loading=\"lazy\" class=\"alignleft size-full wp-image-2902\" src=\"https:\/\/static-blogs.larioja.com\/wp-content\/uploads\/sites\/25\/2022\/12\/DIA-DE-LA-CONSTITUCION-1.jpeg\" alt=\"\" width=\"1920\" height=\"1281\" srcset=\"https:\/\/static-blogs.larioja.com\/wp-content\/uploads\/sites\/25\/2022\/12\/DIA-DE-LA-CONSTITUCION-1.jpeg 1920w, https:\/\/static-blogs.larioja.com\/wp-content\/uploads\/sites\/25\/2022\/12\/DIA-DE-LA-CONSTITUCION-1-300x200.jpeg 300w, https:\/\/static-blogs.larioja.com\/wp-content\/uploads\/sites\/25\/2022\/12\/DIA-DE-LA-CONSTITUCION-1-768x512.jpeg 768w, https:\/\/static-blogs.larioja.com\/wp-content\/uploads\/sites\/25\/2022\/12\/DIA-DE-LA-CONSTITUCION-1-1024x683.jpeg 1024w\" sizes=\"(max-width: 1920px) 100vw, 1920px\" \/><\/a><\/p>\n<p>&nbsp;<\/p>\n","protected":false},"excerpt":{"rendered":"<p>El d\u00eda de la Constituci\u00f3n amaneci\u00f3 gris. Fue de esos d\u00edas propensos a las nostalgias y a las lecturas en los que apetece quedarse en casa al calor del edred\u00f3n. Las noticias tra\u00edan el eco de los actos institucionales del 44 aniversario de la Constituci\u00f3n de 1978. Volv\u00ed mis ojos a la Constituci\u00f3n de 1812, [&hellip;]<\/p>\n","protected":false},"author":28,"featured_media":2900,"comment_status":"open","ping_status":"open","sticky":false,"template":"","format":"standard","meta":[],"categories":[1],"tags":[2435,228,1204,2436],"_links":{"self":[{"href":"https:\/\/blogs.larioja.com\/entrevisillos\/wp-json\/wp\/v2\/posts\/2898"}],"collection":[{"href":"https:\/\/blogs.larioja.com\/entrevisillos\/wp-json\/wp\/v2\/posts"}],"about":[{"href":"https:\/\/blogs.larioja.com\/entrevisillos\/wp-json\/wp\/v2\/types\/post"}],"author":[{"embeddable":true,"href":"https:\/\/blogs.larioja.com\/entrevisillos\/wp-json\/wp\/v2\/users\/28"}],"replies":[{"embeddable":true,"href":"https:\/\/blogs.larioja.com\/entrevisillos\/wp-json\/wp\/v2\/comments?post=2898"}],"version-history":[{"count":2,"href":"https:\/\/blogs.larioja.com\/entrevisillos\/wp-json\/wp\/v2\/posts\/2898\/revisions"}],"predecessor-version":[{"id":2903,"href":"https:\/\/blogs.larioja.com\/entrevisillos\/wp-json\/wp\/v2\/posts\/2898\/revisions\/2903"}],"wp:featuredmedia":[{"embeddable":true,"href":"https:\/\/blogs.larioja.com\/entrevisillos\/wp-json\/wp\/v2\/media\/2900"}],"wp:attachment":[{"href":"https:\/\/blogs.larioja.com\/entrevisillos\/wp-json\/wp\/v2\/media?parent=2898"}],"wp:term":[{"taxonomy":"category","embeddable":true,"href":"https:\/\/blogs.larioja.com\/entrevisillos\/wp-json\/wp\/v2\/categories?post=2898"},{"taxonomy":"post_tag","embeddable":true,"href":"https:\/\/blogs.larioja.com\/entrevisillos\/wp-json\/wp\/v2\/tags?post=2898"}],"curies":[{"name":"wp","href":"https:\/\/api.w.org\/{rel}","templated":true}]}}