{"id":2905,"date":"2022-12-17T00:32:56","date_gmt":"2022-12-16T22:32:56","guid":{"rendered":"https:\/\/blogs.larioja.com\/entrevisillos\/?p=2905"},"modified":"2022-12-17T00:32:56","modified_gmt":"2022-12-16T22:32:56","slug":"cuentos-2","status":"publish","type":"post","link":"https:\/\/blogs.larioja.com\/entrevisillos\/2022\/12\/17\/cuentos-2\/","title":{"rendered":"Cuentos"},"content":{"rendered":"<p><strong>Espa\u00f1a es un gran pa\u00eds por eso no quiero, como ha dicho Carles Francino al recibir el premio Ondas, que podamos &#8220;caer en el pa\u00eds de mierda al que nos quieren conducir algunos&#8221;.<\/strong><\/p>\n<p><strong>Creo que resulta agotadora la cantinela de que tenemos un presidente ileg\u00edtimo, convertido en un tirano, en un traidor, vendepatrias y con pasamonta\u00f1as de terrorista. El \u201cv\u00e1yase, se\u00f1or Gonz\u00e1lez\u201d de Jos\u00e9 Mar\u00eda Aznar es casi un halago comparado con los insultos que le propinan a Pedro S\u00e1nchez.<\/strong><\/p>\n<p><strong>Creo, dicho lo anterior, que modificar el C\u00f3digo Penal a toda prisa para solucionar problemas del pasado es un error de consecuencias impredecibles. Quiz\u00e1 lo de la sedici\u00f3n, siendo arriesgado, es improbable que se repita en el caso del independentismo catal\u00e1n. Lo saben ellos mismos, hoy divididos y conscientes de que es imposible la independencia en la Uni\u00f3n Europea.<\/strong><\/p>\n<p><strong>Creo que modificar el delito de malversaci\u00f3n por la v\u00eda de urgencia es meterse en un jard\u00edn sembrado de trampas y peligros que la opini\u00f3n p\u00fablica no entiende. Y no lo entiende porque la reforma lleva los nombres y apellidos de aquellos que utilizaron los presupuestos para conseguir un objetivo pol\u00edtico inconstitucional, algo m\u00e1s grave que ser unos vulgares ladrones del dinero de todos. Creo que con la rebaja de penas va a ocurrir lo mismo que con los errores de la ley del \u201csolo s\u00ed, es s\u00ed\u201d y que muchos corruptos se ver\u00e1n beneficiados. Una cosa es pretender desinflamar los \u00e1nimos en Catalu\u00f1a y otra inflamar los del resto al ver c\u00f3mo las leyes se hacen a medida de una casta pol\u00edtica que se cree intocable porque, no olvidemos, la malversaci\u00f3n s\u00f3lo puede cometerse por funcionarios p\u00fablicos o pol\u00edticos.\u00a0\u00a0\u00a0\u00a0\u00a0<\/strong><\/p>\n<p><strong>Creo tambi\u00e9n que ya vale de excusas para impedir la renovaci\u00f3n de los \u00f3rganos jurisdiccionales. A estas alturas todos sabemos que la negativa del PP no trata de proteger la independencia del poder judicial, sino de perpetuar la actual mayor\u00eda conservadora para favorecer sus estrategias pol\u00edticas. Por las derechas se acusa al gobierno de pretender \u2018asaltar\u2019 la justicia, previamente \u2018asaltada\u2019 por los acusadores que adem\u00e1s piden al Tribunal Constitucional caducado que impida la discusi\u00f3n de modificaciones legislativas que, aunque precipitadamente, intentan solventar la crisis provocada por su intransigencia y por unos magistrados aferrados al sill\u00f3n por amor a un poder que ya no debieran dirigir. Esta crisis institucional no tiene precedentes porque algunos olvidan que el ejercicio del poder, de cualquier poder del estado, es higi\u00e9nicamente temporal en democracia.<\/strong><\/p>\n<p><strong>Creo que este pa\u00eds es m\u00e1s fuerte que sus enemigos. Creo que la pol\u00edtica es m\u00e1s \u00fatil cuando busca soluciones que cuando crea problemas. Hacer pol\u00edtica es siempre dif\u00edcil, ya lo sabemos, pero no nos cuenten m\u00e1s cuentos, eviten, por favor, que ser ciudadano resulte decepcionante.<\/strong><\/p>\n<p>&nbsp;<\/p>\n<p>&nbsp;<\/p>\n","protected":false},"excerpt":{"rendered":"<p>Espa\u00f1a es un gran pa\u00eds por eso no quiero, como ha dicho Carles Francino al recibir el premio Ondas, que podamos &#8220;caer en el pa\u00eds de mierda al que nos quieren conducir algunos&#8221;. Creo que resulta agotadora la cantinela de que tenemos un presidente ileg\u00edtimo, convertido en un tirano, en un traidor, vendepatrias y con [&hellip;]<\/p>\n","protected":false},"author":28,"featured_media":2907,"comment_status":"open","ping_status":"open","sticky":false,"template":"","format":"standard","meta":[],"categories":[1],"tags":[2437,257,2430,2428,2199],"_links":{"self":[{"href":"https:\/\/blogs.larioja.com\/entrevisillos\/wp-json\/wp\/v2\/posts\/2905"}],"collection":[{"href":"https:\/\/blogs.larioja.com\/entrevisillos\/wp-json\/wp\/v2\/posts"}],"about":[{"href":"https:\/\/blogs.larioja.com\/entrevisillos\/wp-json\/wp\/v2\/types\/post"}],"author":[{"embeddable":true,"href":"https:\/\/blogs.larioja.com\/entrevisillos\/wp-json\/wp\/v2\/users\/28"}],"replies":[{"embeddable":true,"href":"https:\/\/blogs.larioja.com\/entrevisillos\/wp-json\/wp\/v2\/comments?post=2905"}],"version-history":[{"count":1,"href":"https:\/\/blogs.larioja.com\/entrevisillos\/wp-json\/wp\/v2\/posts\/2905\/revisions"}],"predecessor-version":[{"id":2906,"href":"https:\/\/blogs.larioja.com\/entrevisillos\/wp-json\/wp\/v2\/posts\/2905\/revisions\/2906"}],"wp:featuredmedia":[{"embeddable":true,"href":"https:\/\/blogs.larioja.com\/entrevisillos\/wp-json\/wp\/v2\/media\/2907"}],"wp:attachment":[{"href":"https:\/\/blogs.larioja.com\/entrevisillos\/wp-json\/wp\/v2\/media?parent=2905"}],"wp:term":[{"taxonomy":"category","embeddable":true,"href":"https:\/\/blogs.larioja.com\/entrevisillos\/wp-json\/wp\/v2\/categories?post=2905"},{"taxonomy":"post_tag","embeddable":true,"href":"https:\/\/blogs.larioja.com\/entrevisillos\/wp-json\/wp\/v2\/tags?post=2905"}],"curies":[{"name":"wp","href":"https:\/\/api.w.org\/{rel}","templated":true}]}}