{"id":2916,"date":"2022-12-31T05:00:20","date_gmt":"2022-12-31T03:00:20","guid":{"rendered":"https:\/\/blogs.larioja.com\/entrevisillos\/?p=2916"},"modified":"2022-12-29T12:00:24","modified_gmt":"2022-12-29T10:00:24","slug":"cosas-del-corazon","status":"publish","type":"post","link":"https:\/\/blogs.larioja.com\/entrevisillos\/2022\/12\/31\/cosas-del-corazon\/","title":{"rendered":"Cosas del coraz\u00f3n"},"content":{"rendered":"<p><strong>Aunque quieras dibujar una sonrisa para ahuyentar las penas y trompazos que te da la vida, siempre hay algo que te hunde en la miseria y te amarga el fin de a\u00f1o. El d\u00eda de los Inocentes salt\u00f3 esa noticia que parec\u00eda la broma habitual para esa fecha: Isabel Preysler y Mario Vargas Llosa se han separado. El caso es que no era la inocentada del d\u00eda, sino la noticia de lo que va de siglo que, ya se sabe, algunos nacieron para hacer historia y no para ser caminantes an\u00f3nimos por este valle de l\u00e1grimas. Los especialistas, no en relaciones internacionales, en econom\u00eda, en \u00edndices de pobreza o en estrategias de Putin para hundir Ucrania, sino los expertos en estas cosas tan importantes del amor y el desamor del famoseo dicen que todo se ha debido a un ataque de celos infundados.<\/strong><\/p>\n<p><strong>\u00a0\u00a0\u00a0\u00a0\u00a0\u00a0\u00a0\u00a0\u00a0\u00a0\u00a0 Al parecer el Premio Nobel de Literatura que, a la saz\u00f3n, tiene 86 a\u00f1os, sufri\u00f3 un arrebato de indignaci\u00f3n amorosa no sabemos por qu\u00e9 causa. Ya saben ustedes que en esta materia los diagn\u00f3sticos son aventurados porque la disciplina sobre los caprichos del coraz\u00f3n nunca fue una ciencia exacta. Aunque, dicho sea de paso, algunos grandes personajes envejecen fatal que esto s\u00ed est\u00e1 confirmado por la historia. No sabemos qu\u00e9 har\u00e1 ahora el veterano escritor para llenar su tiempo libre, solo espero que no le d\u00e9 por querer apoyar a alg\u00fan partido pol\u00edtico en esta nueva etapa. Ya saben que Vargas Llosa tiene acreditadas dos destrezas: escribe maravillosamente y es gafe en materia pol\u00edtica. En 1990 se present\u00f3 a la presidencia del Per\u00fa y de ser favorito pas\u00f3 a ser derrotado por el terrible Fujimori. Ya en Espa\u00f1a, apoy\u00f3 el proyecto de Uni\u00f3n Progreso y Democracia (UPyD) de Rosa D\u00edez cuyo hundimiento ya pertenece al olvido y despu\u00e9s a Ciudadanos que ya est\u00e1 en v\u00edas de extinci\u00f3n. As\u00ed que ojo el resto de partidos de la derecha que como este a\u00f1o, para que no se aburra lo lleven a un mitin, el mal de ojo (valga la redundancia) est\u00e1 garantizado.<\/strong><\/p>\n<p><strong>\u00a0\u00a0\u00a0\u00a0\u00a0\u00a0\u00a0\u00a0\u00a0\u00a0\u00a0 Mientras Vargas Llosa tranquiliza su coraz\u00f3n y Messi duerme abrazado a su Copa del mundial, otro grande del f\u00fatbol busca alivio para su orgullo herido tras su decepcionante paso por el mundial de Qatar. A Cristiano Ronaldo su amada Georgina le ha regalado un cochazo de m\u00e1s de 330.000 euros, un Rolls-Royce con m\u00e1s caballos que un hip\u00f3dromo. Regalarle un libro o una colonia, como hacen el com\u00fan de los mortales, le pareci\u00f3 rid\u00edculo para devolver la alegr\u00eda a un dios, eso s\u00ed, un dios en plena decadencia en el Olimpo del f\u00fatbol. Es fenomenal que sean muy felices pero tampoco hace falta que hagan tan insultante alarde de nuevos ricos que solo con el lazo rojo que envolv\u00eda el coche comen dos familias un mes.<\/strong><\/p>\n<p><strong>\u00a0\u00a0\u00a0\u00a0\u00a0\u00a0\u00a0\u00a0\u00a0\u00a0\u00a0 Con estas frusler\u00edas tan importantes nos bombardean a diario as\u00ed que de las peque\u00f1as cosas, es decir, de lo nuestro ya hablaremos el a\u00f1o que viene. \u00a1Feliz 2023!<\/strong><\/p>\n<p><a href=\"https:\/\/static-blogs.larioja.com\/wp-content\/uploads\/sites\/25\/2022\/12\/ronaldo-regalo.jpeg\"><img loading=\"lazy\" class=\"alignleft size-full wp-image-2919\" src=\"https:\/\/static-blogs.larioja.com\/wp-content\/uploads\/sites\/25\/2022\/12\/ronaldo-regalo.jpeg\" alt=\"\" width=\"1200\" height=\"630\" srcset=\"https:\/\/static-blogs.larioja.com\/wp-content\/uploads\/sites\/25\/2022\/12\/ronaldo-regalo.jpeg 1200w, https:\/\/static-blogs.larioja.com\/wp-content\/uploads\/sites\/25\/2022\/12\/ronaldo-regalo-300x158.jpeg 300w, https:\/\/static-blogs.larioja.com\/wp-content\/uploads\/sites\/25\/2022\/12\/ronaldo-regalo-768x403.jpeg 768w, https:\/\/static-blogs.larioja.com\/wp-content\/uploads\/sites\/25\/2022\/12\/ronaldo-regalo-1024x538.jpeg 1024w\" sizes=\"(max-width: 1200px) 100vw, 1200px\" \/><\/a><\/p>\n","protected":false},"excerpt":{"rendered":"<p>Aunque quieras dibujar una sonrisa para ahuyentar las penas y trompazos que te da la vida, siempre hay algo que te hunde en la miseria y te amarga el fin de a\u00f1o. El d\u00eda de los Inocentes salt\u00f3 esa noticia que parec\u00eda la broma habitual para esa fecha: Isabel Preysler y Mario Vargas Llosa se [&hellip;]<\/p>\n","protected":false},"author":28,"featured_media":2918,"comment_status":"open","ping_status":"open","sticky":false,"template":"","format":"standard","meta":[],"categories":[1],"tags":[2443,2441,2442,2444,994,2184],"_links":{"self":[{"href":"https:\/\/blogs.larioja.com\/entrevisillos\/wp-json\/wp\/v2\/posts\/2916"}],"collection":[{"href":"https:\/\/blogs.larioja.com\/entrevisillos\/wp-json\/wp\/v2\/posts"}],"about":[{"href":"https:\/\/blogs.larioja.com\/entrevisillos\/wp-json\/wp\/v2\/types\/post"}],"author":[{"embeddable":true,"href":"https:\/\/blogs.larioja.com\/entrevisillos\/wp-json\/wp\/v2\/users\/28"}],"replies":[{"embeddable":true,"href":"https:\/\/blogs.larioja.com\/entrevisillos\/wp-json\/wp\/v2\/comments?post=2916"}],"version-history":[{"count":2,"href":"https:\/\/blogs.larioja.com\/entrevisillos\/wp-json\/wp\/v2\/posts\/2916\/revisions"}],"predecessor-version":[{"id":2920,"href":"https:\/\/blogs.larioja.com\/entrevisillos\/wp-json\/wp\/v2\/posts\/2916\/revisions\/2920"}],"wp:featuredmedia":[{"embeddable":true,"href":"https:\/\/blogs.larioja.com\/entrevisillos\/wp-json\/wp\/v2\/media\/2918"}],"wp:attachment":[{"href":"https:\/\/blogs.larioja.com\/entrevisillos\/wp-json\/wp\/v2\/media?parent=2916"}],"wp:term":[{"taxonomy":"category","embeddable":true,"href":"https:\/\/blogs.larioja.com\/entrevisillos\/wp-json\/wp\/v2\/categories?post=2916"},{"taxonomy":"post_tag","embeddable":true,"href":"https:\/\/blogs.larioja.com\/entrevisillos\/wp-json\/wp\/v2\/tags?post=2916"}],"curies":[{"name":"wp","href":"https:\/\/api.w.org\/{rel}","templated":true}]}}