{"id":2922,"date":"2023-01-07T06:00:42","date_gmt":"2023-01-07T04:00:42","guid":{"rendered":"https:\/\/blogs.larioja.com\/entrevisillos\/?p=2922"},"modified":"2023-01-07T12:07:45","modified_gmt":"2023-01-07T10:07:45","slug":"tiempo-de-ruido","status":"publish","type":"post","link":"https:\/\/blogs.larioja.com\/entrevisillos\/2023\/01\/07\/tiempo-de-ruido\/","title":{"rendered":"Tiempo de ruido"},"content":{"rendered":"<p><strong>Ya estamos pisando los territorios del 2023 y, a no dudar, va a ser un a\u00f1o de ruidos y estruendos propio de los tiempos de incertidumbre en los que vivimos. Presiento que la silenciosa ciudadan\u00eda aburrida del barullo va evolucionando en su estado de \u00e1nimo y en su sensibilidad colectiva. Hace tiempo que solo o\u00edmos hablar de crisis, siempre hay alguna amenaz\u00e1ndonos y siempre son los mismos los que las padecen. Tras la pandemia, que todav\u00eda colea y en plena escalada de la guerra de Ucrania, la palabra crisis lo ocupa y lo condiciona todo. Solo hay una certeza: en momentos de dificultad unos se hacen muy ricos y la mayor\u00eda empobrece caminando por la inseguridad.<\/strong><\/p>\n<p><strong>\u00a0\u00a0\u00a0\u00a0\u00a0\u00a0\u00a0\u00a0\u00a0\u00a0\u00a0 Ya saben que los \u2018felices a\u00f1os 20\u2019 terminaron en la Gran Depresi\u00f3n y tras el crack los populismos radicales y los tiranos emergieron entre la desesperaci\u00f3n y la miseria. La guerra lleg\u00f3 despu\u00e9s. La crisis de 2008, tambi\u00e9n nos trajo mucha pobreza y mucha angustia. En esta convulsi\u00f3n econ\u00f3mica mundial se opt\u00f3 por predicar la austeridad de los Estados como receta para superar algo que, seg\u00fan dec\u00edan los neoliberales, la bondad de los mercados arreglar\u00eda. Ya saben, se salv\u00f3 a los bancos con dinero p\u00fablico y se dej\u00f3 a los individuos abandonados a su mala suerte haci\u00e9ndoles creer que era los culpables de su propia desgracia y no de una desregulaci\u00f3n progresiva de todas aquellas normas que les proteg\u00edan. La desconfianza prendi\u00f3 en las mentes y voluntades y se confi\u00f3 en l\u00edderes que ment\u00edan sin pesta\u00f1ear. Lo ocurrido en Reino Unido tras la euforia del <em>brexit<\/em> es el mejor ejemplo que ilustra c\u00f3mo creer en salvadores y charlatanes puede llevar al desastre. La ca\u00edda de Boris Johnson y de la ef\u00edmera Liz Truss, con su receta de bajada masiva de impuestos, han dejado al pa\u00eds al borde del colapso. Parece que en la Uni\u00f3n Europea algo hemos aprendido y se ha optado por desplegar, con dinero p\u00fablico, redes protectoras que palien en lo posible las consecuencias de estas nuevas crisis. Siendo una ignorante en materia econ\u00f3mica todo indica que Keynes ha vuelto.<\/strong><\/p>\n<p><strong>\u00a0\u00a0\u00a0\u00a0\u00a0\u00a0\u00a0\u00a0\u00a0\u00a0\u00a0 Por eso me sorprende que cada vez que se adoptan medidas con la finalidad de ayudar a los ciudadanos, a aut\u00f3nomos o a familias con rentas bajas, quienes predicaban la austeridad, las bajadas de impuestos y la intervenci\u00f3n m\u00e1gica de los mercados como mejor receta anticrisis protesten porque todo les parece poco. Cuanto m\u00e1s liberales\/conservadores dicen ser m\u00e1s intervenci\u00f3n exigen de un Estado en el que no creen. La privatizaci\u00f3n de la sanidad cuando gobiernan es buen ejemplo. Solo gritando y exagerando no se construyen alternativas. Dice el abate Dinouart que el primer grado de la sabidur\u00eda es saber callar y solo debe romperse la norma cuando lo que se va a decir es m\u00e1s valioso que el silencio. En este tiempo de gritos se echa en falta la sabidur\u00eda de los silencios.<\/strong><\/p>\n<p>Nota: La primera imagen &#8220;Madre migrante&#8221; es de la fot\u00f3grafa Dorothea Lange, muestra a una mujer de 32 a\u00f1os y madre de 7 hijos, en Yosgard (California), 1936. La segunda, una madre y su hijo en la guerra de Ucrania.<\/p>\n<p><a href=\"https:\/\/static-blogs.larioja.com\/wp-content\/uploads\/sites\/25\/2023\/01\/ucrania-danielleal.jpg\"><img loading=\"lazy\" class=\"size-full wp-image-2926 aligncenter\" src=\"https:\/\/static-blogs.larioja.com\/wp-content\/uploads\/sites\/25\/2023\/01\/ucrania-danielleal.jpg\" alt=\"\" width=\"624\" height=\"385\" srcset=\"https:\/\/static-blogs.larioja.com\/wp-content\/uploads\/sites\/25\/2023\/01\/ucrania-danielleal.jpg 624w, https:\/\/static-blogs.larioja.com\/wp-content\/uploads\/sites\/25\/2023\/01\/ucrania-danielleal-300x185.jpg 300w\" sizes=\"(max-width: 624px) 100vw, 624px\" \/><\/a><\/p>\n<p>&nbsp;<\/p>\n","protected":false},"excerpt":{"rendered":"<p>Ya estamos pisando los territorios del 2023 y, a no dudar, va a ser un a\u00f1o de ruidos y estruendos propio de los tiempos de incertidumbre en los que vivimos. Presiento que la silenciosa ciudadan\u00eda aburrida del barullo va evolucionando en su estado de \u00e1nimo y en su sensibilidad colectiva. Hace tiempo que solo o\u00edmos [&hellip;]<\/p>\n","protected":false},"author":28,"featured_media":2925,"comment_status":"open","ping_status":"open","sticky":false,"template":"","format":"standard","meta":[],"categories":[1],"tags":[248,431,2447,2446,2448,2445],"_links":{"self":[{"href":"https:\/\/blogs.larioja.com\/entrevisillos\/wp-json\/wp\/v2\/posts\/2922"}],"collection":[{"href":"https:\/\/blogs.larioja.com\/entrevisillos\/wp-json\/wp\/v2\/posts"}],"about":[{"href":"https:\/\/blogs.larioja.com\/entrevisillos\/wp-json\/wp\/v2\/types\/post"}],"author":[{"embeddable":true,"href":"https:\/\/blogs.larioja.com\/entrevisillos\/wp-json\/wp\/v2\/users\/28"}],"replies":[{"embeddable":true,"href":"https:\/\/blogs.larioja.com\/entrevisillos\/wp-json\/wp\/v2\/comments?post=2922"}],"version-history":[{"count":3,"href":"https:\/\/blogs.larioja.com\/entrevisillos\/wp-json\/wp\/v2\/posts\/2922\/revisions"}],"predecessor-version":[{"id":2929,"href":"https:\/\/blogs.larioja.com\/entrevisillos\/wp-json\/wp\/v2\/posts\/2922\/revisions\/2929"}],"wp:featuredmedia":[{"embeddable":true,"href":"https:\/\/blogs.larioja.com\/entrevisillos\/wp-json\/wp\/v2\/media\/2925"}],"wp:attachment":[{"href":"https:\/\/blogs.larioja.com\/entrevisillos\/wp-json\/wp\/v2\/media?parent=2922"}],"wp:term":[{"taxonomy":"category","embeddable":true,"href":"https:\/\/blogs.larioja.com\/entrevisillos\/wp-json\/wp\/v2\/categories?post=2922"},{"taxonomy":"post_tag","embeddable":true,"href":"https:\/\/blogs.larioja.com\/entrevisillos\/wp-json\/wp\/v2\/tags?post=2922"}],"curies":[{"name":"wp","href":"https:\/\/api.w.org\/{rel}","templated":true}]}}