{"id":2943,"date":"2023-01-28T06:00:03","date_gmt":"2023-01-28T04:00:03","guid":{"rendered":"https:\/\/blogs.larioja.com\/entrevisillos\/?p=2943"},"modified":"2023-01-27T20:14:31","modified_gmt":"2023-01-27T18:14:31","slug":"caspita","status":"publish","type":"post","link":"https:\/\/blogs.larioja.com\/entrevisillos\/2023\/01\/28\/caspita\/","title":{"rendered":"\u00a1C\u00e1spita!"},"content":{"rendered":"<p><strong>\u00a1C\u00e1spita! dec\u00edan algunos personajes de las historietas que le\u00eda de ni\u00f1a. \u00a1Rec\u00e1spita!, he dicho ante el inesperado acuerdo de PP y PSOE sobre la reforma de la Constituci\u00f3n de 1978. Pero no se alarmen quienes creen que cualquier alteraci\u00f3n de la carta magna es un atentado contra nuestras esencias. El asunto no va a suponer el hundimiento de las columnas de H\u00e9rcules que adornan, ya saben, el escudo de Espa\u00f1a. El parto de los montes alumbrado por los partidos mayoritarios es una simple alteraci\u00f3n sem\u00e1ntica del art\u00edculo 49 de la Constituci\u00f3n. En \u00e9l se obliga a los poderes p\u00fablicos a promover la integraci\u00f3n de \u201clos disminuidos f\u00edsicos, sensoriales y ps\u00edquicos\u201d para que \u00a0disfruten de iguales derechos que el resto de ciudadanos. Es decir, el uso del t\u00e9rmino \u201cdisminuido\u201d no ten\u00eda en los a\u00f1os en que se fragu\u00f3 la Constituci\u00f3n los tintes peyorativos que tiene en la actualidad. Parece m\u00e1s adecuado, en los tiempos actuales, utilizar un t\u00e9rmino m\u00e1s inclusivo como es el de personas con discapacidad, como propuso un informe de 2019 el Consejo de Estado. M\u00e1s de tres a\u00f1os han transcurrido para alcanzar un acuerdo que precisa el voto de tres quintas partes del Congreso.<\/strong><\/p>\n<p><strong>\u00a0\u00a0\u00a0\u00a0\u00a0\u00a0\u00a0\u00a0\u00a0\u00a0\u00a0 Esta peque\u00f1a pero necesaria reforma demuestra que los legisladores de la transici\u00f3n elaboraron la Constituci\u00f3n a la luz de aquel tiempo. Ninguna Constituci\u00f3n debe ser r\u00edgida en su letra sino en su esp\u00edritu de protecci\u00f3n de los derechos y libertades de los ciudadanos. La incapacidad de pacto de los partidos que vertebraron durante a\u00f1os la democracia espa\u00f1ola es tan evidente como negativa. La intolerancia creciente ha propiciado el deterioro institucional que vivimos. Creo, seguro que equivocadamente, que el bipartidismo naufrag\u00f3 por sus propios errores y de la decepci\u00f3n de sus votantes nacieron partidos nuevos que fragmentaron el espacio pol\u00edtico hacia los extremos para ganar un espacio electoral abandonado a ambos lados y tambi\u00e9n en el centro.<\/strong><\/p>\n<p><strong>\u00a0\u00a0\u00a0\u00a0\u00a0\u00a0\u00a0\u00a0\u00a0\u00a0\u00a0 La propuesta de Feijoo de que gobierne la lista m\u00e1s votada, que renace en cada periodo electoral, es una prueba de ello. Ni en Madrid (Ayuso y Almeida) ni en Barcelona (Aragon\u00e9s y Colau) gobernar\u00edan con esa norma que no existe porque, a la hora de la verdad, nadie renuncia a obtener el poder. Por eso la lideresa Ayuso, que surgi\u00f3 en 2019 haciendo lo contrario de lo que hoy propone su jefe, ha ridiculizado la idea. Todos sabemos, sin resquicio de duda, que all\u00ed d\u00f3nde PP y VOX sumen mayor\u00eda, gobernar\u00e1n. Feijoo quiere escenificar que si se une a la ultraderecha es porque le empujan a sus brazos los malvados de enfrente sin reparar en que lo mismo ocurre al rev\u00e9s en estos tiempos de c\u00f3lera propiciados por el sectarismo. \u00a1C\u00e1spita y rec\u00e1spita! que dif\u00edcil resulta levantar cabeza en esta hoguera de vanidades. Espero que la hartura traiga un nuevo tiempo distinto a \u00e9ste.<\/strong><\/p>\n","protected":false},"excerpt":{"rendered":"<p>\u00a1C\u00e1spita! dec\u00edan algunos personajes de las historietas que le\u00eda de ni\u00f1a. \u00a1Rec\u00e1spita!, he dicho ante el inesperado acuerdo de PP y PSOE sobre la reforma de la Constituci\u00f3n de 1978. Pero no se alarmen quienes creen que cualquier alteraci\u00f3n de la carta magna es un atentado contra nuestras esencias. El asunto no va a suponer [&hellip;]<\/p>\n","protected":false},"author":28,"featured_media":2945,"comment_status":"open","ping_status":"open","sticky":false,"template":"","format":"standard","meta":[],"categories":[1],"tags":[2461,227,2459,2460,2393,888,917,949],"_links":{"self":[{"href":"https:\/\/blogs.larioja.com\/entrevisillos\/wp-json\/wp\/v2\/posts\/2943"}],"collection":[{"href":"https:\/\/blogs.larioja.com\/entrevisillos\/wp-json\/wp\/v2\/posts"}],"about":[{"href":"https:\/\/blogs.larioja.com\/entrevisillos\/wp-json\/wp\/v2\/types\/post"}],"author":[{"embeddable":true,"href":"https:\/\/blogs.larioja.com\/entrevisillos\/wp-json\/wp\/v2\/users\/28"}],"replies":[{"embeddable":true,"href":"https:\/\/blogs.larioja.com\/entrevisillos\/wp-json\/wp\/v2\/comments?post=2943"}],"version-history":[{"count":1,"href":"https:\/\/blogs.larioja.com\/entrevisillos\/wp-json\/wp\/v2\/posts\/2943\/revisions"}],"predecessor-version":[{"id":2944,"href":"https:\/\/blogs.larioja.com\/entrevisillos\/wp-json\/wp\/v2\/posts\/2943\/revisions\/2944"}],"wp:featuredmedia":[{"embeddable":true,"href":"https:\/\/blogs.larioja.com\/entrevisillos\/wp-json\/wp\/v2\/media\/2945"}],"wp:attachment":[{"href":"https:\/\/blogs.larioja.com\/entrevisillos\/wp-json\/wp\/v2\/media?parent=2943"}],"wp:term":[{"taxonomy":"category","embeddable":true,"href":"https:\/\/blogs.larioja.com\/entrevisillos\/wp-json\/wp\/v2\/categories?post=2943"},{"taxonomy":"post_tag","embeddable":true,"href":"https:\/\/blogs.larioja.com\/entrevisillos\/wp-json\/wp\/v2\/tags?post=2943"}],"curies":[{"name":"wp","href":"https:\/\/api.w.org\/{rel}","templated":true}]}}