{"id":2946,"date":"2023-02-04T06:00:37","date_gmt":"2023-02-04T04:00:37","guid":{"rendered":"https:\/\/blogs.larioja.com\/entrevisillos\/?p=2946"},"modified":"2023-02-02T14:38:41","modified_gmt":"2023-02-02T12:38:41","slug":"ideologias","status":"publish","type":"post","link":"https:\/\/blogs.larioja.com\/entrevisillos\/2023\/02\/04\/ideologias\/","title":{"rendered":"Ideolog\u00edas"},"content":{"rendered":"<p><strong> Abordar legislativamente la violencia contra las mujeres fue una potente reivindicaci\u00f3n nacida de la conmoci\u00f3n que supuso socialmente la violaci\u00f3n grupal de una joven por La Manada en los sanfermines. Que una ley garantizara el derecho a la libertad sexual era necesario pero lo triste es que ese clamor, que fortaleci\u00f3 la conciencia feminista de la sociedad en su conjunto, se haya convertido en decepci\u00f3n tras la aplicaci\u00f3n de la esperada ley del \u201csolo s\u00ed es s\u00ed\u201d. El esp\u00edritu de la norma, que contiene aspectos tan positivos como el consentimiento expreso, ha quedado opacado por los beneficios penitenciarios obtenidos por violadores o abusadores ya condenados.<\/strong><\/p>\n<p><strong>\u00a0\u00a0\u00a0\u00a0\u00a0\u00a0\u00a0\u00a0\u00a0\u00a0\u00a0 Que alguno de los miembros de La Manada de Pamplona pueda ver reducida su pena me llena de indignaci\u00f3n. Por mucho que Irene Montero e Ione Belarra insistan en la perfecci\u00f3n de su ley y denuncien presiones para modificarla lo cierto es que las excarcelaciones causan una gran alarma social que tambi\u00e9n es un principio inspirador del derecho que el legislador no puede olvidar. Ya escrib\u00ed que empecinarse en mantener el texto e ignorar las consecuencias reales de la aplicaci\u00f3n de la norma contiene un punto de soberbia pol\u00edtica que la sociedad no comprende. El goteo de excarcelaciones es una bofetada al movimiento feminista.<\/strong><\/p>\n<p><strong>\u00a0\u00a0\u00a0\u00a0\u00a0\u00a0\u00a0\u00a0\u00a0\u00a0\u00a0 Escucho a la portavoz parlamentaria del PP, Cuca Gamarra y siento desolaci\u00f3n ante la pobreza argumental de quienes ocupan la parte alta de la pir\u00e1mide pol\u00edtica espa\u00f1ola. Claro que en el p\u00e1ramo es f\u00e1cil destacar como el tuerto en el pa\u00eds de los ciegos. Gamarra, respecto a la ley del \u201csolo s\u00ed es s\u00ed\u201d, ha espetado: \u201cYa vale de ideolog\u00eda y de c\u00e1lculo electoral\u201d.<\/strong><\/p>\n<p><strong>\u00a0\u00a0\u00a0\u00a0\u00a0\u00a0\u00a0\u00a0\u00a0\u00a0\u00a0 No puedo evitar sonre\u00edr ante la ligereza. Parece ser que el buen pol\u00edtico no debe tener ideolog\u00eda. Debe carecer de filosof\u00eda pol\u00edtica, de principios que defender, de ideario por el que luchar o de \u00e9tica que practicar. En fin, el absurdo. Las leyes, m\u00e1s all\u00e1 de la t\u00e9cnica jur\u00eddica, se inspiran en filosof\u00eda. De hecho en Espa\u00f1a algunas leyes que han otorgado derechos no hubieran existido con gobiernos o mayor\u00edas parlamentarias distintas a las que las aprobaron. Si por su partido fuera no habr\u00eda en Espa\u00f1a ley del divorcio, del aborto, de eutanasia, de matrimonio de personas del mismo sexo, etc. La ley de reforma laboral no es igual la actual que la anterior, por eso el PP vot\u00f3 en contra. Negar la ideolog\u00eda a la pol\u00edtica es como pretender hacer vino sin uva. Es llevar al absurdo la utilidad de la pol\u00edtica para transformar la sociedad. Es, en definitiva, denigrar la esencia de la labor pol\u00edtica y desembocar en la famosa frase que cuentan que Franco le dijo a Pem\u00e1n: \u00abHaga como yo, no se meta en pol\u00edtica\u00bb. En definitiva, si la ideolog\u00eda es la esencia de la pol\u00edtica y \u00e9sta es el mal no s\u00e9 por qu\u00e9 pedimos y esperamos tanto de la pol\u00edtica.<\/strong><\/p>\n<p><strong>\u00a0\u00a0\u00a0\u00a0\u00a0\u00a0\u00a0\u00a0\u00a0\u00a0\u00a0<\/strong><\/p>\n<p>&nbsp;<\/p>\n","protected":false},"excerpt":{"rendered":"<p>Abordar legislativamente la violencia contra las mujeres fue una potente reivindicaci\u00f3n nacida de la conmoci\u00f3n que supuso socialmente la violaci\u00f3n grupal de una joven por La Manada en los sanfermines. Que una ley garantizara el derecho a la libertad sexual era necesario pero lo triste es que ese clamor, que fortaleci\u00f3 la conciencia feminista de [&hellip;]<\/p>\n","protected":false},"author":28,"featured_media":2949,"comment_status":"open","ping_status":"open","sticky":false,"template":"","format":"standard","meta":[],"categories":[1],"tags":[2466,2467,2462,2463,2431,1271,2464,881,1052,2465],"_links":{"self":[{"href":"https:\/\/blogs.larioja.com\/entrevisillos\/wp-json\/wp\/v2\/posts\/2946"}],"collection":[{"href":"https:\/\/blogs.larioja.com\/entrevisillos\/wp-json\/wp\/v2\/posts"}],"about":[{"href":"https:\/\/blogs.larioja.com\/entrevisillos\/wp-json\/wp\/v2\/types\/post"}],"author":[{"embeddable":true,"href":"https:\/\/blogs.larioja.com\/entrevisillos\/wp-json\/wp\/v2\/users\/28"}],"replies":[{"embeddable":true,"href":"https:\/\/blogs.larioja.com\/entrevisillos\/wp-json\/wp\/v2\/comments?post=2946"}],"version-history":[{"count":1,"href":"https:\/\/blogs.larioja.com\/entrevisillos\/wp-json\/wp\/v2\/posts\/2946\/revisions"}],"predecessor-version":[{"id":2948,"href":"https:\/\/blogs.larioja.com\/entrevisillos\/wp-json\/wp\/v2\/posts\/2946\/revisions\/2948"}],"wp:featuredmedia":[{"embeddable":true,"href":"https:\/\/blogs.larioja.com\/entrevisillos\/wp-json\/wp\/v2\/media\/2949"}],"wp:attachment":[{"href":"https:\/\/blogs.larioja.com\/entrevisillos\/wp-json\/wp\/v2\/media?parent=2946"}],"wp:term":[{"taxonomy":"category","embeddable":true,"href":"https:\/\/blogs.larioja.com\/entrevisillos\/wp-json\/wp\/v2\/categories?post=2946"},{"taxonomy":"post_tag","embeddable":true,"href":"https:\/\/blogs.larioja.com\/entrevisillos\/wp-json\/wp\/v2\/tags?post=2946"}],"curies":[{"name":"wp","href":"https:\/\/api.w.org\/{rel}","templated":true}]}}