{"id":2955,"date":"2023-02-18T06:00:09","date_gmt":"2023-02-18T04:00:09","guid":{"rendered":"https:\/\/blogs.larioja.com\/entrevisillos\/?p=2955"},"modified":"2023-02-17T09:45:15","modified_gmt":"2023-02-17T07:45:15","slug":"garamendi-y-e-t","status":"publish","type":"post","link":"https:\/\/blogs.larioja.com\/entrevisillos\/2023\/02\/18\/garamendi-y-e-t\/","title":{"rendered":"Garamendi y E.T."},"content":{"rendered":"<p><strong>Los avistamientos de ovnis, ahora llamados Fani, retornan a nuestras vidas y me tienen totalmente seducida. En mi infancia siempre mir\u00e9 el cielo con respeto e inquietud por lo desconocido, como intuyendo que alguien nos observa desde arriba con cierta superioridad. As\u00ed que mi coraz\u00f3n se desbord\u00f3 esta semana cuando Glen VanHerck, jefe del Comando de Defensa Aeroespacial de EEUU, no descart\u00f3 que los objetos derribados por cazas americanos pudieran llevar extraterrestres. La secretaria de prensa de la Casa Blanca, Karine Jean-Pierre, neg\u00f3 de inmediato la posible invasi\u00f3n marciana. Reconoci\u00f3 que le encant\u00f3 la pel\u00edcula E.T. pero sugiri\u00f3 que no nos pasemos. As\u00ed que descart\u00e9 que el destino ponga un extraterrestre en mi vida ni tampoco un globo esp\u00eda chino que debe haber cientos sobrevolando el firmamento aparentando ser supernaves de otros mundos.<\/strong><\/p>\n<p><strong>Confieso p\u00fablicamente que cuando vi la pel\u00edcula de Steven Spielberg, pese a no ser una ni\u00f1a, llor\u00e9 amargamente en ese momento en que crees que E.T. ha muerto, hasta que una sobrina me dijo: <\/strong><\/p>\n<p><strong>-T\u00eda que est\u00e1 vivo que me lo ha dicho mi amiga Nerea que la vio ayer. <\/strong><\/p>\n<p><strong>Reconozco que sinti\u00e9ndome reconfortada no fue f\u00e1cil aplacar las l\u00e1grimas. Desde entonces siempre quise encontrar a mi propio E.T. para esconderme con \u00e9l en un armario y compartir los chismes de nuestros respectivos universos.<\/strong><\/p>\n<p><strong>Aunque s\u00e9 que E.T. no va a volver, creo que convivimos con otro tipo de alien\u00edgenas. No vienen de otro planeta pero viven en un mundo a a\u00f1os luz del resto de la humanidad o al menos a cientos de miles de euros del ciudadano medio. El \u00faltimo que se ha descubierto en Espa\u00f1a se llama Antonio Garamendi. El flamante presidente de los empresarios de la CEOE, una organizaci\u00f3n con fuertes subvenciones del erario p\u00fablico, cobrar\u00e1 este a\u00f1o un salario de 400.000 \u20ac anuales. Una vez que toda Espa\u00f1a lo sabe cada cual echa sus cuentas y compara con sus exiguas n\u00f3minas. El cabreo crece al recordar que este empresario alfa se ha negado a negociar con el gobierno la subida del salario m\u00ednimo a 1.080 \u20ac. La hecatombe para la econom\u00eda que este se\u00f1or predijo en la \u00faltima subida no ha llegado. Asombrados han quedado miles de espa\u00f1oles que trabajan por un salario 26 veces menor que el suyo. Su acusaci\u00f3n de que este maldito gobierno desprestigia a los empresarios espa\u00f1oles ha sido gloriosamente refutada por el jefe de la patronal de Pontevedra, Jorge Cebreiros: \u201cSu sueldo puede complicarnos la vida a todos\u201d. Garamendi, \u00e9l solito con su prepotencia ha hundido la imagen de los suyos y encima se hace la v\u00edctima compar\u00e1ndose con una mujer violada. \u00a1Qu\u00e9 soberbia, qu\u00e9 mezquindad y que mal gusto, caballero!<\/strong><\/p>\n<p><strong>He so\u00f1ado que dimit\u00eda y que E.T. al tocarme con su largo dedo, dec\u00eda:<\/strong><\/p>\n<p><strong>-Amiga, en mi mundo tambi\u00e9n hay inocentes que sue\u00f1an el cielo y Garamendis que escupen al suelo.<\/strong><\/p>\n","protected":false},"excerpt":{"rendered":"<p>Los avistamientos de ovnis, ahora llamados Fani, retornan a nuestras vidas y me tienen totalmente seducida. En mi infancia siempre mir\u00e9 el cielo con respeto e inquietud por lo desconocido, como intuyendo que alguien nos observa desde arriba con cierta superioridad. As\u00ed que mi coraz\u00f3n se desbord\u00f3 esta semana cuando Glen VanHerck, jefe del Comando [&hellip;]<\/p>\n","protected":false},"author":28,"featured_media":2958,"comment_status":"open","ping_status":"open","sticky":false,"template":"","format":"standard","meta":[],"categories":[1],"tags":[2473,2470,2471,2472],"_links":{"self":[{"href":"https:\/\/blogs.larioja.com\/entrevisillos\/wp-json\/wp\/v2\/posts\/2955"}],"collection":[{"href":"https:\/\/blogs.larioja.com\/entrevisillos\/wp-json\/wp\/v2\/posts"}],"about":[{"href":"https:\/\/blogs.larioja.com\/entrevisillos\/wp-json\/wp\/v2\/types\/post"}],"author":[{"embeddable":true,"href":"https:\/\/blogs.larioja.com\/entrevisillos\/wp-json\/wp\/v2\/users\/28"}],"replies":[{"embeddable":true,"href":"https:\/\/blogs.larioja.com\/entrevisillos\/wp-json\/wp\/v2\/comments?post=2955"}],"version-history":[{"count":2,"href":"https:\/\/blogs.larioja.com\/entrevisillos\/wp-json\/wp\/v2\/posts\/2955\/revisions"}],"predecessor-version":[{"id":2959,"href":"https:\/\/blogs.larioja.com\/entrevisillos\/wp-json\/wp\/v2\/posts\/2955\/revisions\/2959"}],"wp:featuredmedia":[{"embeddable":true,"href":"https:\/\/blogs.larioja.com\/entrevisillos\/wp-json\/wp\/v2\/media\/2958"}],"wp:attachment":[{"href":"https:\/\/blogs.larioja.com\/entrevisillos\/wp-json\/wp\/v2\/media?parent=2955"}],"wp:term":[{"taxonomy":"category","embeddable":true,"href":"https:\/\/blogs.larioja.com\/entrevisillos\/wp-json\/wp\/v2\/categories?post=2955"},{"taxonomy":"post_tag","embeddable":true,"href":"https:\/\/blogs.larioja.com\/entrevisillos\/wp-json\/wp\/v2\/tags?post=2955"}],"curies":[{"name":"wp","href":"https:\/\/api.w.org\/{rel}","templated":true}]}}