{"id":2962,"date":"2023-02-25T06:00:54","date_gmt":"2023-02-25T04:00:54","guid":{"rendered":"https:\/\/blogs.larioja.com\/entrevisillos\/?p=2962"},"modified":"2023-02-24T15:40:29","modified_gmt":"2023-02-24T13:40:29","slug":"macarena-y-el-infierno","status":"publish","type":"post","link":"https:\/\/blogs.larioja.com\/entrevisillos\/2023\/02\/25\/macarena-y-el-infierno\/","title":{"rendered":"Macarena y el infierno"},"content":{"rendered":"<p><strong>Acert\u00f3 Jordi \u00c9vole emitiendo la entrevista con Macarena Olona cuando toda Espa\u00f1a estaba de carnavales. La ambientaci\u00f3n es importante en el teatro. El domingo el contexto y el atrezo de disfraces y caretas lo puso el calendario. La calculada trama fue tarea de la protagonista.<\/strong><\/p>\n<p><strong>Las m\u00e1scaras sirven para ocultar el aut\u00e9ntico rostro hasta que caen y el espectador descubre la verdad que esconden. Cierto es que Macarena luci\u00f3 varias caretas ante el espectador aunque justo es reconocer que al final de la representaci\u00f3n cada cual vio lo que quiso y a buen seguro, no todos vimos lo mismo porque cada uno observa desde su propio pensamiento y experiencia.<\/strong><\/p>\n<p><strong>Ella eligi\u00f3 un tono sereno, muy alejado del que conoc\u00edamos en las incendiarias e insultantes proclamas expresadas desde la hip\u00e9rbole en su evidente af\u00e1n por convertirse en la estrella m\u00e1s brillante del cielo de la ultraderecha espa\u00f1ola. Salvando las distancias me acord\u00e9 de John Wayne en \u00abEl hombre tranquilo\u00bb. Interpreta un personaje arrepentido de su pasado de boxeador que permanece sereno pese a las provocaciones para hacer que pelee. Ella, seg\u00fan confes\u00f3, practicaba ahora la contenci\u00f3n y por ello, como el personaje citado, escondi\u00f3 su instinto y quiso mostrarse como una mujer nueva aunque, a mi entender, el esfuerzo fue en vano.<\/strong><\/p>\n<p><strong>Su mejor interpretaci\u00f3n fue la de los silencios largos y calculados: \u201cno me vas a llevar adonde no quiero ir\u201d, le dijo a \u00c9vole. Tuve la impresi\u00f3n de que Olona navegaba entre el dolor humano y el resentimiento pol\u00edtico, entre la decepci\u00f3n y la rabia: \u201cconmigo os hab\u00e9is equivocado de cojones\u201d (eso dijo textualmente). En todo caso, aunque sugiri\u00f3 irregularidades, comportamientos internos antidemocr\u00e1ticos (posible causa de ilegalizaci\u00f3n, apunt\u00f3) y actitudes mafiosas, eludi\u00f3 dar nombres y hablar claro de lo que ocurre en VOX. Esta mujer viv\u00eda, confiesa, en el coraz\u00f3n de un nido de serpientes pero no hab\u00eda notado nada raro hasta ahora. Nunca vio nazis, ni neonazis, ni nostalgias hitlerianas, ni xenofobia, ni homofobia, ni franquismo a\u00f1orante. Entre tanto amor a Espa\u00f1a y tanta bandera crey\u00f3 vivir en el para\u00edso y tras su bofetada en las elecciones andaluzas sufri\u00f3 una epifan\u00eda y descubri\u00f3 que VOX era un infierno manipulado por fuerzas malignas y demonios poderosos cuyas identidades no desvel\u00f3. Se describi\u00f3 como su v\u00edctima y mostrando su angustia quiso conmovernos con su dolor.<\/strong><\/p>\n<p><strong>Sin embargo, Macarena es un buen ejemplo del aforismo aristot\u00e9lico de que todos somos esclavos de nuestras palabras y due\u00f1os de nuestros silencios. Olona administr\u00f3 sus silencios a su conveniencia pero cuando \u00c9vole le recordaba sus palabras anteriores no se retract\u00f3 de nada. Sigue siendo la misma solo que ha comprobado, como tanto otros en pol\u00edtica, que no hay peor cu\u00f1a que la de la propia madera. No lo duden, volver\u00e1.<\/strong><\/p>\n<p>&nbsp;<\/p>\n","protected":false},"excerpt":{"rendered":"<p>Acert\u00f3 Jordi \u00c9vole emitiendo la entrevista con Macarena Olona cuando toda Espa\u00f1a estaba de carnavales. La ambientaci\u00f3n es importante en el teatro. El domingo el contexto y el atrezo de disfraces y caretas lo puso el calendario. La calculada trama fue tarea de la protagonista. Las m\u00e1scaras sirven para ocultar el aut\u00e9ntico rostro hasta que [&hellip;]<\/p>\n","protected":false},"author":28,"featured_media":2965,"comment_status":"open","ping_status":"open","sticky":false,"template":"","format":"standard","meta":[],"categories":[1],"tags":[450,1265,2476,2474,2477,2475,2478,1531],"_links":{"self":[{"href":"https:\/\/blogs.larioja.com\/entrevisillos\/wp-json\/wp\/v2\/posts\/2962"}],"collection":[{"href":"https:\/\/blogs.larioja.com\/entrevisillos\/wp-json\/wp\/v2\/posts"}],"about":[{"href":"https:\/\/blogs.larioja.com\/entrevisillos\/wp-json\/wp\/v2\/types\/post"}],"author":[{"embeddable":true,"href":"https:\/\/blogs.larioja.com\/entrevisillos\/wp-json\/wp\/v2\/users\/28"}],"replies":[{"embeddable":true,"href":"https:\/\/blogs.larioja.com\/entrevisillos\/wp-json\/wp\/v2\/comments?post=2962"}],"version-history":[{"count":1,"href":"https:\/\/blogs.larioja.com\/entrevisillos\/wp-json\/wp\/v2\/posts\/2962\/revisions"}],"predecessor-version":[{"id":2964,"href":"https:\/\/blogs.larioja.com\/entrevisillos\/wp-json\/wp\/v2\/posts\/2962\/revisions\/2964"}],"wp:featuredmedia":[{"embeddable":true,"href":"https:\/\/blogs.larioja.com\/entrevisillos\/wp-json\/wp\/v2\/media\/2965"}],"wp:attachment":[{"href":"https:\/\/blogs.larioja.com\/entrevisillos\/wp-json\/wp\/v2\/media?parent=2962"}],"wp:term":[{"taxonomy":"category","embeddable":true,"href":"https:\/\/blogs.larioja.com\/entrevisillos\/wp-json\/wp\/v2\/categories?post=2962"},{"taxonomy":"post_tag","embeddable":true,"href":"https:\/\/blogs.larioja.com\/entrevisillos\/wp-json\/wp\/v2\/tags?post=2962"}],"curies":[{"name":"wp","href":"https:\/\/api.w.org\/{rel}","templated":true}]}}