{"id":2971,"date":"2023-03-11T06:00:55","date_gmt":"2023-03-11T04:00:55","guid":{"rendered":"https:\/\/blogs.larioja.com\/entrevisillos\/?p=2971"},"modified":"2023-03-10T18:48:33","modified_gmt":"2023-03-10T16:48:33","slug":"que-dimitan","status":"publish","type":"post","link":"https:\/\/blogs.larioja.com\/entrevisillos\/2023\/03\/11\/que-dimitan\/","title":{"rendered":"\u00a1Que dimitan!"},"content":{"rendered":"<p><strong>Hay personas que creen que el mundo no rodar\u00eda sin ellas al considerarse el punto de apoyo sobre el que gira el planeta. Creo que en pol\u00edtica esas actitudes son como un tsunami. Algo de eso hubo el martes en el Congreso en el debate sobre la reforma de la ley del \u00absolo s\u00ed es s\u00ed\u00bb cuando una ciclog\u00e9nesis explosiva dej\u00f3 al feminismo patrio desolado y desunido.<\/strong><\/p>\n<p><strong>Es evidente que desde 1978 la sociedad espa\u00f1ola es otra. Leyes como las del divorcio, el aborto o el matrimonio entre personas del mismo sexo a las que tanto se resistieron las derechas supusieron una convulsi\u00f3n al aprobarse o al modificarse para adaptarse a la mentalidad de una sociedad que evolucionaba. Hoy incluso quienes no las votaron han terminado por aceptarlas y utilizarlas (toda una hipocres\u00eda).\u00a0<\/strong><\/p>\n<p><strong>Tras la violaci\u00f3n grupal de La Manada y la desastrosa sentencia de la Audiencia de Navarra la sociedad reivindic\u00f3 la urgencia de modificar el modelo penal vigente desde 1989 para los delitos contra la libertad sexual que obligaba a la v\u00edctima a tener que demostrar una resistencia heroica para poder acreditar la violaci\u00f3n. Que el consentimiento deb\u00eda convertirse en el inspirador de la reforma pas\u00f3 a ser una reivindicaci\u00f3n transversal y mayoritaria en las calles. Estoy segura de que nadie pudo imaginar entonces lo que est\u00e1 ocurriendo, es decir, que m\u00e1s de 700 condenados por delitos sexuales iban a verse beneficiados de una norma nacida para protegernos. Tanto si es por error de la ley o por malvada interpretaci\u00f3n de la misma lo urgente era taponar la sangr\u00eda y no esconderse tras discursos que eluden la (i)responsabilidad. Creo que en este terrible embrollo a alguien le ha sobrado arrogancia y le ha faltado empat\u00eda hacia una sociedad adulta.<\/strong><\/p>\n<p><strong>Dos cosas son peligrosas en pol\u00edtica, la actitud maximalista de creer que siempre se lleva raz\u00f3n y el adanismo de pretender que la historia comienza contigo. Si ser capaz de poner en duda los propios postulados es un s\u00edntoma de inteligencia, quiz\u00e1 Irene Montero debe plantearse no s\u00f3lo que algo no se ha hecho bien sino que el feminismo naci\u00f3 hace siglos y que si hoy es titular del ministerio de Igualdad es porque a muchas mujeres les rompieron el cuerpo y los sue\u00f1os hasta conseguirlo.<\/strong><\/p>\n<p><strong>Dicen en Podemos que la reforma de la ley del \u00absolo s\u00ed es s\u00ed\u00bb nos devuelve a la ley de la Manada apoy\u00e1ndose en los votos de la derecha. Yo creo que intentar subsanar este fiasco es mejor hacerlo con los votos que sean antes que mantener el desastre apoy\u00e1ndose solo en la soberbia. Asimismo, si creen sinceramente que, con esta rectificaci\u00f3n, el gobierno del que forman parte est\u00e1 traicionando a las mujeres no entiendo por qu\u00e9 permanecen en \u00e9l. Por coherencia, si quieren dar lecciones pol\u00edticas y no mancharse con la infamia que censuran espero que Irene Montero e Ione Belarra dimitan.<\/strong><\/p>\n","protected":false},"excerpt":{"rendered":"<p>Hay personas que creen que el mundo no rodar\u00eda sin ellas al considerarse el punto de apoyo sobre el que gira el planeta. Creo que en pol\u00edtica esas actitudes son como un tsunami. Algo de eso hubo el martes en el Congreso en el debate sobre la reforma de la ley del \u00absolo s\u00ed es [&hellip;]<\/p>\n","protected":false},"author":28,"featured_media":2972,"comment_status":"open","ping_status":"open","sticky":false,"template":"","format":"standard","meta":[],"categories":[1],"tags":[2486,1396,2432,2485,2484],"_links":{"self":[{"href":"https:\/\/blogs.larioja.com\/entrevisillos\/wp-json\/wp\/v2\/posts\/2971"}],"collection":[{"href":"https:\/\/blogs.larioja.com\/entrevisillos\/wp-json\/wp\/v2\/posts"}],"about":[{"href":"https:\/\/blogs.larioja.com\/entrevisillos\/wp-json\/wp\/v2\/types\/post"}],"author":[{"embeddable":true,"href":"https:\/\/blogs.larioja.com\/entrevisillos\/wp-json\/wp\/v2\/users\/28"}],"replies":[{"embeddable":true,"href":"https:\/\/blogs.larioja.com\/entrevisillos\/wp-json\/wp\/v2\/comments?post=2971"}],"version-history":[{"count":1,"href":"https:\/\/blogs.larioja.com\/entrevisillos\/wp-json\/wp\/v2\/posts\/2971\/revisions"}],"predecessor-version":[{"id":2973,"href":"https:\/\/blogs.larioja.com\/entrevisillos\/wp-json\/wp\/v2\/posts\/2971\/revisions\/2973"}],"wp:featuredmedia":[{"embeddable":true,"href":"https:\/\/blogs.larioja.com\/entrevisillos\/wp-json\/wp\/v2\/media\/2972"}],"wp:attachment":[{"href":"https:\/\/blogs.larioja.com\/entrevisillos\/wp-json\/wp\/v2\/media?parent=2971"}],"wp:term":[{"taxonomy":"category","embeddable":true,"href":"https:\/\/blogs.larioja.com\/entrevisillos\/wp-json\/wp\/v2\/categories?post=2971"},{"taxonomy":"post_tag","embeddable":true,"href":"https:\/\/blogs.larioja.com\/entrevisillos\/wp-json\/wp\/v2\/tags?post=2971"}],"curies":[{"name":"wp","href":"https:\/\/api.w.org\/{rel}","templated":true}]}}