{"id":2980,"date":"2023-03-25T06:00:06","date_gmt":"2023-03-25T04:00:06","guid":{"rendered":"https:\/\/blogs.larioja.com\/entrevisillos\/?p=2980"},"modified":"2023-03-24T21:12:56","modified_gmt":"2023-03-24T19:12:56","slug":"entre-la-pena-y-la-risa","status":"publish","type":"post","link":"https:\/\/blogs.larioja.com\/entrevisillos\/2023\/03\/25\/entre-la-pena-y-la-risa\/","title":{"rendered":"Entre la pena y la risa"},"content":{"rendered":"<p><strong>Tras los debates de la moci\u00f3n de censura presentada por VOX me queda un regusto de tristeza. La calidad del espect\u00e1culo disminuy\u00f3 por minutos. El promotor de la farsa, Santiago Abascal, reiter\u00f3 las descalificaciones habituales. Su \u00fanico programa para Espa\u00f1a es echar a S\u00e1nchez cuanto antes porque esto no hay quien lo aguante. Ante argumento de tanto peso parec\u00eda que la solvencia intelectual la aportar\u00eda el candidato Tamames pero todo fue en vano. Me record\u00f3 a Hern\u00e1ndez Mancha en la censura contra Gonz\u00e1lez cuando literalmente se perdi\u00f3 entre los papeles del cuaderno de anillas que llevaba. Tamames no tuvo la altura profesoral y acad\u00e9mica esperada, es lo que tiene rescatar a personas del olvido. Desgran\u00f3 t\u00f3picos e incluso enmend\u00f3 la historia y la memoria. Ignoro si fue para renegar de su pasado o para agradar a quienes han patrocinado su minuto de gloria. Y es que hubo cierto patetismo en sus intervenciones. Qued\u00f3 claro que se aburr\u00eda porque \u00e9l hab\u00eda ido a ser escuchado como un or\u00e1culo, a escribir su p\u00e1gina de la historia y no a escuchar a nadie ni mucho menos a que lo contradijeran. Sinceramente creo que los portavoces fueron muy educados con \u00e9l pese a que se palpaba como se degradaba a la propia instituci\u00f3n parlamentaria con el esperpento.<\/strong><\/p>\n<p><strong>\u00a0\u00a0\u00a0\u00a0\u00a0\u00a0\u00a0\u00a0\u00a0\u00a0\u00a0 Ejemplo del desfasado mundo en el que vive Tamames fue su respuesta a la vicepresidenta Yolanda D\u00edaz que le reproch\u00f3 haber nombrado a las mujeres solo para reprenderles por su baja fecundidad. Para mujeres, respondi\u00f3 Tamames, tenemos a Isabel la Cat\u00f3lica y, enfatiz\u00f3, que \u00a0hab\u00eda m\u00e1s violaciones que \u201cantes de toda esta oleada feminista\u201d. Un poco de pena daba el viejo comunista. Isabel la Cat\u00f3lica es un referente femenino de nuestra historia pero era una excepci\u00f3n en aquel mundo y hoy las mujeres reivindicamos la libertad y la igualdad de todas y cada una de nosotras aunque no llevemos corona. En aquella \u00e9poca las violaciones eran el pan nuestro de cada d\u00eda y se soportaban en silencio. Ignorar hoy el valor de las conquistas de las mujeres es vivir en otro tiempo y en otra Espa\u00f1a.<\/strong><\/p>\n<p><strong>\u00a0\u00a0\u00a0\u00a0\u00a0\u00a0\u00a0\u00a0\u00a0\u00a0\u00a0 En su larga vida, Tamames, como ha recordado Enric Juliana, tiene episodios oscuros. Este anciano, pagado de s\u00ed mismo, ya contribuy\u00f3 en su d\u00eda a derrocar el gobierno democr\u00e1tico y progresista de Felipe Gonz\u00e1lez con periodistas y c\u00f3mplices en la judicatura. Seg\u00fan confes\u00f3 en 1998 Luis Mar\u00eda Anson, \u201cfue necesario poner en riesgo el Estado para acabar con Gonz\u00e1lez\u201d. Los argumentos, como hoy, cuestionaron la legitimidad del presidente acus\u00e1ndolo de cesarismo autoritario.<\/strong><\/p>\n<p><strong>\u00a0\u00a0\u00a0\u00a0\u00a0\u00a0\u00a0\u00a0\u00a0\u00a0\u00a0 Esta vez no lo han conseguido. El fracaso de VOX ha transitado entre la pena y la risa. Tamames ha pretendido \u00a0pasar a la historia desde el pasado y se ha dado de bruces con el presente. Y es que Espa\u00f1a ni es la que Tamames recuerda ni quiere volver a los tiempos que Abascal a\u00f1ora. \u00a0<\/strong><\/p>\n","protected":false},"excerpt":{"rendered":"<p>Tras los debates de la moci\u00f3n de censura presentada por VOX me queda un regusto de tristeza. La calidad del espect\u00e1culo disminuy\u00f3 por minutos. El promotor de la farsa, Santiago Abascal, reiter\u00f3 las descalificaciones habituales. Su \u00fanico programa para Espa\u00f1a es echar a S\u00e1nchez cuanto antes porque esto no hay quien lo aguante. Ante argumento [&hellip;]<\/p>\n","protected":false},"author":28,"featured_media":2983,"comment_status":"open","ping_status":"open","sticky":false,"template":"","format":"standard","meta":[],"categories":[1],"tags":[2495,2496,2493,2497,2494],"_links":{"self":[{"href":"https:\/\/blogs.larioja.com\/entrevisillos\/wp-json\/wp\/v2\/posts\/2980"}],"collection":[{"href":"https:\/\/blogs.larioja.com\/entrevisillos\/wp-json\/wp\/v2\/posts"}],"about":[{"href":"https:\/\/blogs.larioja.com\/entrevisillos\/wp-json\/wp\/v2\/types\/post"}],"author":[{"embeddable":true,"href":"https:\/\/blogs.larioja.com\/entrevisillos\/wp-json\/wp\/v2\/users\/28"}],"replies":[{"embeddable":true,"href":"https:\/\/blogs.larioja.com\/entrevisillos\/wp-json\/wp\/v2\/comments?post=2980"}],"version-history":[{"count":1,"href":"https:\/\/blogs.larioja.com\/entrevisillos\/wp-json\/wp\/v2\/posts\/2980\/revisions"}],"predecessor-version":[{"id":2982,"href":"https:\/\/blogs.larioja.com\/entrevisillos\/wp-json\/wp\/v2\/posts\/2980\/revisions\/2982"}],"wp:featuredmedia":[{"embeddable":true,"href":"https:\/\/blogs.larioja.com\/entrevisillos\/wp-json\/wp\/v2\/media\/2983"}],"wp:attachment":[{"href":"https:\/\/blogs.larioja.com\/entrevisillos\/wp-json\/wp\/v2\/media?parent=2980"}],"wp:term":[{"taxonomy":"category","embeddable":true,"href":"https:\/\/blogs.larioja.com\/entrevisillos\/wp-json\/wp\/v2\/categories?post=2980"},{"taxonomy":"post_tag","embeddable":true,"href":"https:\/\/blogs.larioja.com\/entrevisillos\/wp-json\/wp\/v2\/tags?post=2980"}],"curies":[{"name":"wp","href":"https:\/\/api.w.org\/{rel}","templated":true}]}}