{"id":2990,"date":"2023-04-08T06:00:19","date_gmt":"2023-04-08T04:00:19","guid":{"rendered":"https:\/\/blogs.larioja.com\/entrevisillos\/?p=2990"},"modified":"2023-04-07T19:55:09","modified_gmt":"2023-04-07T17:55:09","slug":"iguales","status":"publish","type":"post","link":"https:\/\/blogs.larioja.com\/entrevisillos\/2023\/04\/08\/iguales\/","title":{"rendered":"\u00bfIguales?"},"content":{"rendered":"<p><strong>La Semana Santa conmemora a un Dios que se hizo hombre para igualarse a nosotros y hacernos iguales a los ojos del Dios Padre. Es tiempo adecuado para constatar que la igualdad es una quimera imposible aunque sin ese anhelo el mundo todav\u00eda ser\u00eda m\u00e1s injusto y peor de lo que ya es. Estamos rodeados de una nueva \u00e9lite, no la de los poderosos de siempre, sino una nueva casta advenediza que, como todos los nuevos ricos, cree que puede hacer lo que le d\u00e9 la gana sin que ley alguna limite sus caprichos. Ellos no sienten verg\u00fcenza sino una vanidad estimulada por el aplauso de sus devotos. Donald Trump se considera superior y, por tanto, impune y Ana Obreg\u00f3n pertenece esa \u00e9lite caprichosa y exhibicionista que inunda el mundo actual. Ambos son buenos ejemplos de ego\u00edsmo y egocentrismo desmedido y lucrativo.<\/strong><\/p>\n<p><strong>No voy a extenderme con Donald Trump aunque tiemblo ante la posibilidad de que pueda volver al Capitolio. Lo imagino alineado con las tesis de su amigo Putin, ri\u00e9ndose de la democracia y bendiciendo la invasi\u00f3n de Ucrania en una iglesia evang\u00e9lica con una predicadora fundamentalista, como la del mitin de Feijoo y Ayuso en Madrid, y se me pone el pelo rojo como la corbata que suele llevar el agitador de hombres b\u00fafalo.<\/strong><\/p>\n<p><strong>Lo de Ana Obreg\u00f3n no tiene que ver con la obsesi\u00f3n por el poder pero s\u00ed con esa troupe medi\u00e1tica que se considera con derecho a todo solo porque puede pagarlo. No hay l\u00edmite \u00e9ticos ni legales. Ella no es la primera ni la \u00faltima madre que pierde un hijo. El duelo siempre merece respeto pero comerciar con el dolor porque se es famoso resulta indigno adem\u00e1s de empalagoso. La vida nos da muchas bofetadas cada d\u00eda y la mayor\u00eda supera el dolor, a veces en pobreza y soledad, con una dignidad que estremece.<\/strong><\/p>\n<p><strong>En Espa\u00f1a su caso ha abierto un gran debate p\u00fablico tanto sobre la maternidad subrogada como sobre el uso del esperma de un hijo muerto. M\u00e1s all\u00e1 de que ambas pr\u00e1cticas son ilegales en Espa\u00f1a, comprendo y respeto las razones que llevan a muchas personas a ser padres y madres mediante estos procedimientos, pero el caso Obreg\u00f3n es tan excesivo como toda ella. El dinero solventar\u00e1, no lo duden, los problemas legales. Cuenta la prensa que el precio pagado por el alumbramiento de la ni\u00f1a es de unos 170.000 \u20ac y de esa cantidad, la gestante habr\u00eda recibido 35.000 \u20ac. La revista \u00ab\u00a1Hola!\u00bb ha pagado 100.000 \u20ac por las im\u00e1genes en las que vimos a Obreg\u00f3n saliendo sonriente del hospital con la ni\u00f1a en brazos y un mill\u00f3n de euros m\u00e1s por la exclusiva de su concepci\u00f3n con el esperma de su hijo. Vender la vida privada para forrarse no ser\u00e1 delito pero todo esto es tan obsceno que hiere.<\/strong><\/p>\n<p><strong>Leo unos versos de Bertolt Brecht: \u00abY al dejar el mundo,\/no te preocupe saber si fuiste bueno,\/sino si el mundo que dejas es mejor\u00bb. Me preocupa lo que veo, este mundo va a peor.<\/strong><\/p>\n","protected":false},"excerpt":{"rendered":"<p>La Semana Santa conmemora a un Dios que se hizo hombre para igualarse a nosotros y hacernos iguales a los ojos del Dios Padre. Es tiempo adecuado para constatar que la igualdad es una quimera imposible aunque sin ese anhelo el mundo todav\u00eda ser\u00eda m\u00e1s injusto y peor de lo que ya es. Estamos rodeados [&hellip;]<\/p>\n","protected":false},"author":28,"featured_media":2993,"comment_status":"open","ping_status":"open","sticky":false,"template":"","format":"standard","meta":[],"categories":[1],"tags":[2502,575,2504,2503,1115],"_links":{"self":[{"href":"https:\/\/blogs.larioja.com\/entrevisillos\/wp-json\/wp\/v2\/posts\/2990"}],"collection":[{"href":"https:\/\/blogs.larioja.com\/entrevisillos\/wp-json\/wp\/v2\/posts"}],"about":[{"href":"https:\/\/blogs.larioja.com\/entrevisillos\/wp-json\/wp\/v2\/types\/post"}],"author":[{"embeddable":true,"href":"https:\/\/blogs.larioja.com\/entrevisillos\/wp-json\/wp\/v2\/users\/28"}],"replies":[{"embeddable":true,"href":"https:\/\/blogs.larioja.com\/entrevisillos\/wp-json\/wp\/v2\/comments?post=2990"}],"version-history":[{"count":1,"href":"https:\/\/blogs.larioja.com\/entrevisillos\/wp-json\/wp\/v2\/posts\/2990\/revisions"}],"predecessor-version":[{"id":2992,"href":"https:\/\/blogs.larioja.com\/entrevisillos\/wp-json\/wp\/v2\/posts\/2990\/revisions\/2992"}],"wp:featuredmedia":[{"embeddable":true,"href":"https:\/\/blogs.larioja.com\/entrevisillos\/wp-json\/wp\/v2\/media\/2993"}],"wp:attachment":[{"href":"https:\/\/blogs.larioja.com\/entrevisillos\/wp-json\/wp\/v2\/media?parent=2990"}],"wp:term":[{"taxonomy":"category","embeddable":true,"href":"https:\/\/blogs.larioja.com\/entrevisillos\/wp-json\/wp\/v2\/categories?post=2990"},{"taxonomy":"post_tag","embeddable":true,"href":"https:\/\/blogs.larioja.com\/entrevisillos\/wp-json\/wp\/v2\/tags?post=2990"}],"curies":[{"name":"wp","href":"https:\/\/api.w.org\/{rel}","templated":true}]}}