{"id":2995,"date":"2023-04-15T06:10:38","date_gmt":"2023-04-15T04:10:38","guid":{"rendered":"https:\/\/blogs.larioja.com\/entrevisillos\/?p=2995"},"modified":"2023-04-14T19:11:18","modified_gmt":"2023-04-14T17:11:18","slug":"ninos-en-manada","status":"publish","type":"post","link":"https:\/\/blogs.larioja.com\/entrevisillos\/2023\/04\/15\/ninos-en-manada\/","title":{"rendered":"Ni\u00f1os en manada"},"content":{"rendered":"<p><strong>Horroriza lo ocurrido en un inmundo habit\u00e1culo de una vivienda abandonada de Logro\u00f1o y si se desciende a los detalles, aterra. Las edades de los agresores y de sus v\u00edctimas asustan por lo que revelan. No es la primera vez ni ser\u00e1 la \u00faltima. De nuevo la historia se repite para asombro y tambi\u00e9n, pens\u00e9moslo un poco, para verg\u00fcenza de la sociedad de la que formamos parte. La vida de dos ni\u00f1as de 12 y 13 a\u00f1os ha sido destrozada para siempre por la acci\u00f3n de varios salvajes de entre 13 y 17 a\u00f1os. Algunos de estos animales sin piedad son inimputables legalmente, les salva la edad pero no la magnitud del delito (presunto, ya saben). No duden que ellos superar\u00e1n pronto su canallada pero el da\u00f1o perpetrado a esas dos ni\u00f1as marcar\u00e1 su futuro para siempre. La sa\u00f1a y la humillaci\u00f3n que han padecido tras cada una de las violaciones, una tras otra en un tiempo eterno para la v\u00edctima, perdurar\u00e1n m\u00e1s que el da\u00f1o f\u00edsico que haya podido ocasionarles. Reci\u00e9n pasada la Semana Santa vienen a mi mente unos versos de Ernestina de Champourcin, cu\u00e1ndo el Cirineo ayuda a Jes\u00fas ella se pregunta: \u00ab\u00bfHay acaso alguna cruz que pueda llevarse a medias?\u00bb. Yo creo que no. Porque las v\u00edctimas de violaci\u00f3n arrastran la suya en la soledad de sus mentes que vagan por infinitos recovecos buscando respuestas que jam\u00e1s encuentran. A esa edad, el tormento que se precipita en el interior arrolla su presente y emborrona su futuro inexorablemente.<\/strong><\/p>\n<p><strong>Hace tiempo que las estad\u00edsticas muestran el incremento de estos delitos en menores y se apunta a la temprana edad (8 a\u00f1os) en que acceden a p\u00e1ginas pornogr\u00e1ficas de Internet sin control alguno. Puede que esa sea una causa pero no la \u00fanica. Llevamos tiempo padeciendo noticias de ni\u00f1as violadas en los servicios de un supermercado, en los aleda\u00f1os del colegio, en un parking o a plena luz del d\u00eda. Todav\u00eda habr\u00e1 gente que creer\u00e1 que las v\u00edctimas no debieron hacer esto o aquello, ir aqu\u00ed o all\u00ed, pero ya no es tiempo de recriminar a las mujeres. Si no existen ni\u00f1as ni mujeres adolescentes que salgan del colegio y se agrupen en manadas para violar ni\u00f1os o j\u00f3venes lo necesario ser\u00e1 poner \u00e9nfasis en la educaci\u00f3n de esos hombrecitos violentos y canallas con referentes igualmente violentos y canallas a su alrededor. Se imita lo que se ve, se vea donde se vea. La familia es tan importante como la escuela y la asunci\u00f3n de la responsabilidad de actos que agreden la libertad de la otra persona debe ser exigible siempre y a cualquier edad, aunque la pena sea gradual.<\/strong><\/p>\n<p><strong>Yo me pregunto en qu\u00e9 lugares se estudia la crueldad, en cu\u00e1les se aprende la furia y en qu\u00e9 \u00e1mbitos se educa en el ejercicio de la violencia sexual para lograr el placer unido al gozo de sentir que se ha sometido a una ni\u00f1a\/mujer con la fuerza del m\u00fasculo y el aval del silencio de siglos de sufrimiento.<\/strong><\/p>\n<p>&nbsp;<\/p>\n<p>&nbsp;<\/p>\n","protected":false},"excerpt":{"rendered":"<p>Horroriza lo ocurrido en un inmundo habit\u00e1culo de una vivienda abandonada de Logro\u00f1o y si se desciende a los detalles, aterra. Las edades de los agresores y de sus v\u00edctimas asustan por lo que revelan. No es la primera vez ni ser\u00e1 la \u00faltima. De nuevo la historia se repite para asombro y tambi\u00e9n, pens\u00e9moslo [&hellip;]<\/p>\n","protected":false},"author":28,"featured_media":2997,"comment_status":"open","ping_status":"open","sticky":false,"template":"","format":"standard","meta":[],"categories":[1],"tags":[2053,2506,2505,1273],"_links":{"self":[{"href":"https:\/\/blogs.larioja.com\/entrevisillos\/wp-json\/wp\/v2\/posts\/2995"}],"collection":[{"href":"https:\/\/blogs.larioja.com\/entrevisillos\/wp-json\/wp\/v2\/posts"}],"about":[{"href":"https:\/\/blogs.larioja.com\/entrevisillos\/wp-json\/wp\/v2\/types\/post"}],"author":[{"embeddable":true,"href":"https:\/\/blogs.larioja.com\/entrevisillos\/wp-json\/wp\/v2\/users\/28"}],"replies":[{"embeddable":true,"href":"https:\/\/blogs.larioja.com\/entrevisillos\/wp-json\/wp\/v2\/comments?post=2995"}],"version-history":[{"count":1,"href":"https:\/\/blogs.larioja.com\/entrevisillos\/wp-json\/wp\/v2\/posts\/2995\/revisions"}],"predecessor-version":[{"id":2998,"href":"https:\/\/blogs.larioja.com\/entrevisillos\/wp-json\/wp\/v2\/posts\/2995\/revisions\/2998"}],"wp:featuredmedia":[{"embeddable":true,"href":"https:\/\/blogs.larioja.com\/entrevisillos\/wp-json\/wp\/v2\/media\/2997"}],"wp:attachment":[{"href":"https:\/\/blogs.larioja.com\/entrevisillos\/wp-json\/wp\/v2\/media?parent=2995"}],"wp:term":[{"taxonomy":"category","embeddable":true,"href":"https:\/\/blogs.larioja.com\/entrevisillos\/wp-json\/wp\/v2\/categories?post=2995"},{"taxonomy":"post_tag","embeddable":true,"href":"https:\/\/blogs.larioja.com\/entrevisillos\/wp-json\/wp\/v2\/tags?post=2995"}],"curies":[{"name":"wp","href":"https:\/\/api.w.org\/{rel}","templated":true}]}}