{"id":3004,"date":"2023-04-29T06:00:09","date_gmt":"2023-04-29T04:00:09","guid":{"rendered":"https:\/\/blogs.larioja.com\/entrevisillos\/?p=3004"},"modified":"2023-04-28T20:55:39","modified_gmt":"2023-04-28T18:55:39","slug":"el-humo-del-fracaso","status":"publish","type":"post","link":"https:\/\/blogs.larioja.com\/entrevisillos\/2023\/04\/29\/el-humo-del-fracaso\/","title":{"rendered":"El humo del fracaso"},"content":{"rendered":"<p><strong>Que galardonen a poetas es un acierto y una alegr\u00eda porque nos permite escuchar voces casi siempre ocultas en los libros que escribieron eligiendo las palabras y expulsando al exterior sus pensamientos. Cierto es que a los poetas los leemos tan poco como escuchamos a los ancianos. El poeta venezolano Rafael Cadenas, que acaba de recibir el Premio Cervantes de manos del rey Felipe VI, a\u00fana en su persona ambas condiciones. Hay quienes creen que est\u00e1n fuera de la realidad pero los poetas descifran \u00a0la esencia de la vida. As\u00ed que escuchar al anciano poeta Rafael Cadenas exponiendo sus pensamientos con la humildad y sencillez que caracteriza a los grandes resulta aleccionador. \u00abEstoy lleno de Espa\u00f1a\u00bb confes\u00f3 este hombre, nacido en 1930, que ha vivido casi un siglo de nuestra reciente historia.<\/strong><\/p>\n<p><strong>Las preocupaciones de su generaci\u00f3n siguen siendo las nuestras, las de toda la humanidad. Su canto a la libertad expresado en la cita del Quijote: \u00abLa libertad, Sancho, es uno de los m\u00e1s preciosos dones que a los hombres dieron los cielos\u00bb, no es ociosa. Tampoco lo es alertar de los peligros del nacionalismo porque, como ya advirti\u00f3 Einstein y record\u00f3 Cadenas, es el \u201csarampi\u00f3n de la humanidad\u201d. Lo que le lleva a advertir sobre otro de los grandes males del \u00faltimo siglo, el totalitarismo que crece por todo el mundo y hace peligrar las democracias. El poeta vive en Venezuela y sabe de qu\u00e9 habla por eso tuvo un recuerdo para el escritor nicarag\u00fcense Sergio Ram\u00edrez y glos\u00f3 la uni\u00f3n de los cosmopolitas de todas las naciones.<\/strong><\/p>\n<p><strong>El destino del tren del ultranacionalismo es el totalitarismo, al que se llega tras una parada en la estaci\u00f3n intermedia: las democracias iliberales, hoy de moda en nuestra Europa. Es innegable que este sabio poeta entiende el riesgo del camino emprendido por algunos l\u00edderes pol\u00edticos de socavar la democracia fingiendo que la defienden. La mentira que aparenta ser verdad es el m\u00e9todo utilizado para conseguirlo. Pensemos en Donald Trump y su falsa denuncia de que le hab\u00edan robado la presidencia mediante un fraude electoral. Estos d\u00edas la cadena ultraderechista FOX, que hab\u00eda jaleado tal mentira para favorecer a Trump, ha tenido que aceptar una multa de 787 millones de d\u00f3lares por haber difundido falsedades contra la empresa Dominion encargada del recuento. No duden de que la FOX volver\u00e1 a hacerlo, le es m\u00e1s rentable pagar que perder televidentes que no buscan la verdad sino verificar su fanatismo. A\u00f1adan a la lista a Putin, a Viktor Orban, a Maduro o a Daniel Ortega. El anciano poeta tiene raz\u00f3n se est\u00e1 descuidando la educaci\u00f3n democr\u00e1tica.<\/strong><\/p>\n<p><strong>\u00abCuanto he tomado por victoria es s\u00f3lo humo\u00bb, escribi\u00f3 Rafael Cadenas en su poema \u2018Fracaso\u2019. Hoy estamos ignorando lo esencial mientras nos distraen con lo superfluo, ese humo es nuestro fracaso. \u00a1Larga vida a los poetas!<\/strong><\/p>\n","protected":false},"excerpt":{"rendered":"<p>Que galardonen a poetas es un acierto y una alegr\u00eda porque nos permite escuchar voces casi siempre ocultas en los libros que escribieron eligiendo las palabras y expulsando al exterior sus pensamientos. Cierto es que a los poetas los leemos tan poco como escuchamos a los ancianos. El poeta venezolano Rafael Cadenas, que acaba de [&hellip;]<\/p>\n","protected":false},"author":28,"featured_media":3007,"comment_status":"open","ping_status":"open","sticky":false,"template":"","format":"standard","meta":[],"categories":[1],"tags":[481,565,1259,2511,2510,1102],"_links":{"self":[{"href":"https:\/\/blogs.larioja.com\/entrevisillos\/wp-json\/wp\/v2\/posts\/3004"}],"collection":[{"href":"https:\/\/blogs.larioja.com\/entrevisillos\/wp-json\/wp\/v2\/posts"}],"about":[{"href":"https:\/\/blogs.larioja.com\/entrevisillos\/wp-json\/wp\/v2\/types\/post"}],"author":[{"embeddable":true,"href":"https:\/\/blogs.larioja.com\/entrevisillos\/wp-json\/wp\/v2\/users\/28"}],"replies":[{"embeddable":true,"href":"https:\/\/blogs.larioja.com\/entrevisillos\/wp-json\/wp\/v2\/comments?post=3004"}],"version-history":[{"count":1,"href":"https:\/\/blogs.larioja.com\/entrevisillos\/wp-json\/wp\/v2\/posts\/3004\/revisions"}],"predecessor-version":[{"id":3006,"href":"https:\/\/blogs.larioja.com\/entrevisillos\/wp-json\/wp\/v2\/posts\/3004\/revisions\/3006"}],"wp:featuredmedia":[{"embeddable":true,"href":"https:\/\/blogs.larioja.com\/entrevisillos\/wp-json\/wp\/v2\/media\/3007"}],"wp:attachment":[{"href":"https:\/\/blogs.larioja.com\/entrevisillos\/wp-json\/wp\/v2\/media?parent=3004"}],"wp:term":[{"taxonomy":"category","embeddable":true,"href":"https:\/\/blogs.larioja.com\/entrevisillos\/wp-json\/wp\/v2\/categories?post=3004"},{"taxonomy":"post_tag","embeddable":true,"href":"https:\/\/blogs.larioja.com\/entrevisillos\/wp-json\/wp\/v2\/tags?post=3004"}],"curies":[{"name":"wp","href":"https:\/\/api.w.org\/{rel}","templated":true}]}}