{"id":3009,"date":"2023-05-13T06:00:26","date_gmt":"2023-05-13T04:00:26","guid":{"rendered":"https:\/\/blogs.larioja.com\/entrevisillos\/?p=3009"},"modified":"2023-05-12T19:19:01","modified_gmt":"2023-05-12T17:19:01","slug":"la-banalidad-del-mal","status":"publish","type":"post","link":"https:\/\/blogs.larioja.com\/entrevisillos\/2023\/05\/13\/la-banalidad-del-mal\/","title":{"rendered":"La banalidad del mal"},"content":{"rendered":"<p><strong>El dirigente nazi Adolf Eichmann fue uno de los m\u00e1ximos responsables del holocausto y estratega directo de lo que conocemos como la \u2018soluci\u00f3n final\u2019. Tras la derrota de la Alemania de Hitler, Eichmann huy\u00f3 a Argentina donde vivi\u00f3 hasta 1960 cuando fue capturado por el Mossad. Fue juzgado en Israel donde fue condenado y ejecutado el 30 de mayo de 1962.<\/strong><\/p>\n<p><strong>Eichmann mantuvo durante el juicio que era su gobierno y no \u00e9l quien persegu\u00eda a los jud\u00edos y que \u00e9l actuaba por la obediencia debida. La fil\u00f3sofa Hannah Arendt, corresponsal de la revista <em>The New Yorker<\/em>, mantuvo que Eichmann no era un monstruo en s\u00ed mismo sino un hombre corriente. Seg\u00fan ella, su comportamiento demostraba que cualquier persona puede llegar a cometer como \u00e9l atrocidades porque cree que es su obligaci\u00f3n o su deber, en este caso adem\u00e1s, por sumisi\u00f3n a un r\u00e9gimen totalitario. Esa interpretaci\u00f3n, pol\u00e9mica en su d\u00eda, est\u00e1 hoy comprendida en la expresi\u00f3n &#8220;banalidad del mal&#8221;.<\/strong><\/p>\n<p><strong>El terrorismo, el uso de la violencia contra las personas para conseguir un fin, es un ejemplo de la banalizaci\u00f3n del mal puesto que necesita de personas que dicen actuar por el bien de una causa justa, sin reparar en que al hacerlo deslegitiman el propio fin. Eludir la responsabilidad personal de esos actos en el propio colectivo que los ampara no es sino una banalizaci\u00f3n extrema del mal que vive y convive entre nosotros.<\/strong><\/p>\n<p><strong>La inclusi\u00f3n por parte de Bildu en sus listas electorales de 44 condenados por pertenencia a ETA, 7 con delitos de sangre, ha sido denunciada por COVITE. Su presidenta, Consuelo Ord\u00f3\u00f1ez, hermana de Gregorio Ord\u00f3\u00f1ez (PP) asesinado por ETA en 1995, y que siempre se ha mostrado contraria a la utilizaci\u00f3n pol\u00edtica y electoral de las v\u00edctimas, considera perjudicial para la democracia que personas con un \u201chistorial criminal y terrorista\u201d se presenten a un cargo p\u00fablico.<\/strong><\/p>\n<p><strong>Mi coraz\u00f3n se conduele con lo que me parece una ofensa a las v\u00edctimas y una provocaci\u00f3n a la sociedad. Es cierto que ETA no existe desde hace diez a\u00f1os y que estos personajes han cumplido sus condenas. Entiendo que en democracia todo sea legalmente irreprochable, pero moralmente duele como un bofet\u00f3n a mano abierta que no mitiga el dolor sino que lo acrecienta. El silencio de las pistolas llega antes que la paz a los corazones. Bildu sabr\u00e1 si merece la pena reavivar la angustia por un pu\u00f1ado de votos fan\u00e1ticos. Las familias de las v\u00edctimas de cualquier terror, las de una guerra, las de la retaguardia de una guerra civil como la nuestra, las del franquismo, las del yihadismo, las de la violencia de g\u00e9nero y las de todas las v\u00edctimas en general necesitan tiempo para procesar el duelo. No se puede seguir banalizando el mal, cerrar las heridas del pasado exige respeto al sufrimiento ajeno y que gentes como Arnaldo Otegui se marchen ya a tomar viento fresco.<\/strong><\/p>\n<p>&nbsp;<\/p>\n","protected":false},"excerpt":{"rendered":"<p>El dirigente nazi Adolf Eichmann fue uno de los m\u00e1ximos responsables del holocausto y estratega directo de lo que conocemos como la \u2018soluci\u00f3n final\u2019. Tras la derrota de la Alemania de Hitler, Eichmann huy\u00f3 a Argentina donde vivi\u00f3 hasta 1960 cuando fue capturado por el Mossad. Fue juzgado en Israel donde fue condenado y ejecutado [&hellip;]<\/p>\n","protected":false},"author":28,"featured_media":3012,"comment_status":"open","ping_status":"open","sticky":false,"template":"","format":"standard","meta":[],"categories":[1],"tags":[2512,1971,2515,444,2513,2514,2516],"_links":{"self":[{"href":"https:\/\/blogs.larioja.com\/entrevisillos\/wp-json\/wp\/v2\/posts\/3009"}],"collection":[{"href":"https:\/\/blogs.larioja.com\/entrevisillos\/wp-json\/wp\/v2\/posts"}],"about":[{"href":"https:\/\/blogs.larioja.com\/entrevisillos\/wp-json\/wp\/v2\/types\/post"}],"author":[{"embeddable":true,"href":"https:\/\/blogs.larioja.com\/entrevisillos\/wp-json\/wp\/v2\/users\/28"}],"replies":[{"embeddable":true,"href":"https:\/\/blogs.larioja.com\/entrevisillos\/wp-json\/wp\/v2\/comments?post=3009"}],"version-history":[{"count":1,"href":"https:\/\/blogs.larioja.com\/entrevisillos\/wp-json\/wp\/v2\/posts\/3009\/revisions"}],"predecessor-version":[{"id":3011,"href":"https:\/\/blogs.larioja.com\/entrevisillos\/wp-json\/wp\/v2\/posts\/3009\/revisions\/3011"}],"wp:featuredmedia":[{"embeddable":true,"href":"https:\/\/blogs.larioja.com\/entrevisillos\/wp-json\/wp\/v2\/media\/3012"}],"wp:attachment":[{"href":"https:\/\/blogs.larioja.com\/entrevisillos\/wp-json\/wp\/v2\/media?parent=3009"}],"wp:term":[{"taxonomy":"category","embeddable":true,"href":"https:\/\/blogs.larioja.com\/entrevisillos\/wp-json\/wp\/v2\/categories?post=3009"},{"taxonomy":"post_tag","embeddable":true,"href":"https:\/\/blogs.larioja.com\/entrevisillos\/wp-json\/wp\/v2\/tags?post=3009"}],"curies":[{"name":"wp","href":"https:\/\/api.w.org\/{rel}","templated":true}]}}