{"id":3014,"date":"2023-05-20T06:05:00","date_gmt":"2023-05-20T04:05:00","guid":{"rendered":"https:\/\/blogs.larioja.com\/entrevisillos\/?p=3014"},"modified":"2023-05-19T14:05:19","modified_gmt":"2023-05-19T12:05:19","slug":"la-banalidad-del-mal-2","status":"publish","type":"post","link":"https:\/\/blogs.larioja.com\/entrevisillos\/2023\/05\/20\/la-banalidad-del-mal-2\/","title":{"rendered":"La banalidad del mal (2)"},"content":{"rendered":"<p class=\"v-p\"><strong>Si hici\u00e9ramos un inventario de las cosas que a un tiempo hieren y enfadan no tengo duda de que el cinismo ocupar\u00eda un lugar destacado. Arnaldo Otegui es el campe\u00f3n de los c\u00ednicos de esta campa\u00f1a, y mira que abunda la impudicia en estos tiempos hostiles para la verdad. S\u00f3lo Otegui y sus iguales no son conscientes de que hace tiempo que debieron haberse ido a tomar viento fresco, que no pueden ser parte del futuro porque son los guardianes del odio y la muerte que alentaron. Es imposible no sentir el v\u00f3mito del desprecio al escucharlo, aunque sea para felicitarse por la retirada de 7 pistoleros de ETA de las listas electorales de Bildu que \u00e9l mismo hab\u00eda autorizado. Dice que es para mitigar el dolor de las v\u00edctimas; es decir, que su prop\u00f3sito era avivar su calvario.<\/strong><\/p>\n<p class=\"v-p\"><strong>La maldad no se convierte en bondad ni banaliz\u00e1ndola ni rectificando errores palmarios. Comparto con la presidenta de Covite, Consuelo Ord\u00f3\u00f1ez, que la renuncia se ha hecho por tacticismo electoral y no por una sentida reflexi\u00f3n \u00e9tica. Sigo a Consuelo Ord\u00f3\u00f1ez porque de entre todas las v\u00edctimas de ETA que he conocido guardo un especial recuerdo de dos: Gregorio Ord\u00f3\u00f1ez y Ernest Lluch. Conoc\u00ed a Gregorio Ord\u00f3\u00f1ez cuando con 24 a\u00f1os fue elegido concejal de San Sebasti\u00e1n en mayo de 1983. Daba gusto discrepar con \u00e9l en las reuniones porque era afable en el trato y apasionado en sus argumentaciones, ten\u00eda esa intuici\u00f3n innata de quienes son l\u00edderes sin buscarlo. A Ernest Lluch lo conoc\u00ed al frente del ministerio de Sanidad negociando la construcci\u00f3n del centro de salud de Calahorra que \u00e9l inaugur\u00f3 el 8 de mayo de 1986. Escucharlo era un placer porque era un pozo de ciencia y destilaba una bonhom\u00eda de sabio despistado. \u00c9l tambi\u00e9n era un maestro sin pretenderlo.<\/strong><\/p>\n<p class=\"v-p\"><strong>No quiero aburrirles con mis recuerdos pero siendo tan larga la lista de asesinados por ETA es dif\u00edcil evitar que se remuevan los sentimientos cuando se les ofende. La maldad de Bildu es evidente pero ese eslogan que circula por las redes sociales y que pronunci\u00f3 Ayuso en sede parlamentaria \u2013\u00abQue te vote Txapote\u00bb\u2013 me resulta a la par hiriente y vergonzosa. Consuelo Ord\u00f3\u00f1ez fue rotunda: \u00abAyuso no tiene principios ni valores, es la ant\u00edtesis de lo que fue mi hermano Goyo\u00bb. Yo creo que esa frase solo pueden pronunciarla con tanta frivolidad quienes no vivieron los a\u00f1os de plomo del terrorismo etarra cuando los ciudadanos nos condol\u00edamos de los muertos como si fueran nuestros. No har\u00edan esas bromas de mal gusto que tambi\u00e9n hieren a las v\u00edctimas. Me quedo con las palabras del hijo de Gregorio Ord\u00f3\u00f1ez. \u00abNo comparto el sentimiento de odio. No lleva a nada positivo, no nos ayuda a nosotros ni a quienes nos rodean\u00bb (El Diario Vasco, 14\/1\/2018). Incluso para la leg\u00edtima cr\u00edtica hay que tener dignidad y no banalizar ni el dolor ajeno ni la dimensi\u00f3n del mal.<\/strong><\/p>\n<p><a href=\"https:\/\/static-blogs.larioja.com\/wp-content\/uploads\/sites\/25\/2023\/05\/centro-de-salud.jpg\"><img loading=\"lazy\" class=\"alignleft size-full wp-image-3017\" src=\"https:\/\/static-blogs.larioja.com\/wp-content\/uploads\/sites\/25\/2023\/05\/centro-de-salud.jpg\" alt=\"\" width=\"1600\" height=\"1012\" srcset=\"https:\/\/static-blogs.larioja.com\/wp-content\/uploads\/sites\/25\/2023\/05\/centro-de-salud.jpg 1600w, https:\/\/static-blogs.larioja.com\/wp-content\/uploads\/sites\/25\/2023\/05\/centro-de-salud-300x190.jpg 300w, https:\/\/static-blogs.larioja.com\/wp-content\/uploads\/sites\/25\/2023\/05\/centro-de-salud-768x486.jpg 768w, https:\/\/static-blogs.larioja.com\/wp-content\/uploads\/sites\/25\/2023\/05\/centro-de-salud-1024x648.jpg 1024w\" sizes=\"(max-width: 1600px) 100vw, 1600px\" \/><\/a><\/p>\n","protected":false},"excerpt":{"rendered":"<p>Si hici\u00e9ramos un inventario de las cosas que a un tiempo hieren y enfadan no tengo duda de que el cinismo ocupar\u00eda un lugar destacado. Arnaldo Otegui es el campe\u00f3n de los c\u00ednicos de esta campa\u00f1a, y mira que abunda la impudicia en estos tiempos hostiles para la verdad. S\u00f3lo Otegui y sus iguales no [&hellip;]<\/p>\n","protected":false},"author":28,"featured_media":3016,"comment_status":"open","ping_status":"open","sticky":false,"template":"","format":"standard","meta":[],"categories":[1],"tags":[2519,1928,2518,444,2517,2514,2520],"_links":{"self":[{"href":"https:\/\/blogs.larioja.com\/entrevisillos\/wp-json\/wp\/v2\/posts\/3014"}],"collection":[{"href":"https:\/\/blogs.larioja.com\/entrevisillos\/wp-json\/wp\/v2\/posts"}],"about":[{"href":"https:\/\/blogs.larioja.com\/entrevisillos\/wp-json\/wp\/v2\/types\/post"}],"author":[{"embeddable":true,"href":"https:\/\/blogs.larioja.com\/entrevisillos\/wp-json\/wp\/v2\/users\/28"}],"replies":[{"embeddable":true,"href":"https:\/\/blogs.larioja.com\/entrevisillos\/wp-json\/wp\/v2\/comments?post=3014"}],"version-history":[{"count":2,"href":"https:\/\/blogs.larioja.com\/entrevisillos\/wp-json\/wp\/v2\/posts\/3014\/revisions"}],"predecessor-version":[{"id":3018,"href":"https:\/\/blogs.larioja.com\/entrevisillos\/wp-json\/wp\/v2\/posts\/3014\/revisions\/3018"}],"wp:featuredmedia":[{"embeddable":true,"href":"https:\/\/blogs.larioja.com\/entrevisillos\/wp-json\/wp\/v2\/media\/3016"}],"wp:attachment":[{"href":"https:\/\/blogs.larioja.com\/entrevisillos\/wp-json\/wp\/v2\/media?parent=3014"}],"wp:term":[{"taxonomy":"category","embeddable":true,"href":"https:\/\/blogs.larioja.com\/entrevisillos\/wp-json\/wp\/v2\/categories?post=3014"},{"taxonomy":"post_tag","embeddable":true,"href":"https:\/\/blogs.larioja.com\/entrevisillos\/wp-json\/wp\/v2\/tags?post=3014"}],"curies":[{"name":"wp","href":"https:\/\/api.w.org\/{rel}","templated":true}]}}