{"id":3606,"date":"2025-08-08T19:35:58","date_gmt":"2025-08-08T17:35:58","guid":{"rendered":"https:\/\/blogs.larioja.com\/entrevisillos\/?p=3606"},"modified":"2025-08-08T19:36:11","modified_gmt":"2025-08-08T17:36:11","slug":"no-aprendemos","status":"publish","type":"post","link":"https:\/\/blogs.larioja.com\/entrevisillos\/2025\/08\/08\/no-aprendemos\/","title":{"rendered":"No aprendemos"},"content":{"rendered":"<p><strong>\u00c9rase una vez un planeta llamado Tierra, en el que un d\u00eda de hace miles y miles de a\u00f1os surgieron los humanos. La aparici\u00f3n del <em>homo sapiens<\/em> la explican los cient\u00edficos pero, para una escribidora de cuentos, es arduo de contar. El caso es que la humanidad fue poco a poco expandi\u00e9ndose por todo el territorio vivible de este hermoso planeta que, el pobre, no sab\u00eda la que se le avecinaba cuando los<em> sapiens<\/em> se organizaron en tribus y cercaron sus territorios. El planeta ve\u00eda c\u00f3mo la humanidad se multiplicaba pese a los episodios de brutalidad que a lo largo de milenios la historia ha documentado. El uso de la violencia para resolver conflictos hizo que los m\u00e1s <em>sapiens<\/em> de los <em>sapiens<\/em> concluyeran, at\u00f3nitos, que el hombre era un lobo para el hombre y un peligro para s\u00ed mismo.<\/strong><\/p>\n<p><strong>Estos d\u00edas el planeta recuerda lo ocurrido ochenta a\u00f1os atr\u00e1s, es decir, ayer. Hubo entonces una guerra terrible iniciada por un se\u00f1or con delirios de grandeza al que le gustaba mucho levantar el brazo derecho como si padeciera de rigidez dictatorial. Pretend\u00eda colonizar m\u00e1s territorios y las mentes de sus habitantes. Al se\u00f1or de brazo inquieto y corto bigote le apoyaron quienes quer\u00edan implantar un nuevo orden mundial, entre ellos, el Imperio del Sol Naciente. En el transcurso de aquella guerra el planeta sufri\u00f3 mucho viendo que lo hab\u00edan tapizado con millones de cad\u00e1veres y regado con oc\u00e9anos de l\u00e1grimas dolientes. Sin terminar de contar muertos, a las 8:15 del 6 de agosto de 1945, una bomba de 4,4 toneladas y 64 kilos de uranio enriquecido fue lanzada por un bombardero de EEUU sobre Hiroshima. La bomba, llamada <em>Little Boy,<\/em> acab\u00f3 con la vida de 70.000 personas en un instante y decenas de miles en posteriores semanas, meses y a\u00f1os. Todo cuanto hab\u00eda en un radio de 3,6 Km. se volatiliz\u00f3 y se transform\u00f3 en miles de millones de part\u00edculas vitrificadas, la ciudad se convirti\u00f3 en arena de playa. Tres d\u00edas despu\u00e9s, otra bomba, esta vez de plutonio, cay\u00f3 sobre Nagasaki. El resultado fue el mismo, miles y miles de muertos. Aquellos d\u00edas el homo sapiens del planeta marc\u00f3 un hito, demostr\u00f3 que ten\u00eda capacidad para autodestruirse.<\/strong><\/p>\n<p><strong>Hoy tienen armas nucleares Estados Unidos, Rusia, Israel, Corea del Norte, China, Francia, Reino Unido, India y Pakist\u00e1n. Cada vez que algunos bromean con usarlas el planeta se acongoja. Si piensan en los personajes que pueden pulsar el bot\u00f3n nuclear: Trump, Putin, Netanyahu o Kim Jong-un a cualquiera se le hiela el alma. El viejo planeta y cualquiera con dos dedos de frente saben que no hemos aprendido nada de la historia porque ni la conocemos ni nos interesa de tan listos como nos creemos. El <em>homo sapiens<\/em> ha evolucionado a <em>homo stultus<\/em> y los m\u00e1s <em>stultus<\/em> de los<em> stultus<\/em> parecen gobernar la Tierra. Demostrada la capacidad de autodestruimos s\u00f3lo queda comprobarlo. Fin.<\/strong><\/p>\n<p><a href=\"https:\/\/static-blogs.larioja.com\/wp-content\/uploads\/sites\/25\/2025\/08\/Hiroshima-2.jpg\"><img loading=\"lazy\" class=\"size-full wp-image-3609 aligncenter\" src=\"https:\/\/static-blogs.larioja.com\/wp-content\/uploads\/sites\/25\/2025\/08\/Hiroshima-2.jpg\" alt=\"\" width=\"1139\" height=\"653\" srcset=\"https:\/\/static-blogs.larioja.com\/wp-content\/uploads\/sites\/25\/2025\/08\/Hiroshima-2.jpg 1139w, https:\/\/static-blogs.larioja.com\/wp-content\/uploads\/sites\/25\/2025\/08\/Hiroshima-2-300x172.jpg 300w, https:\/\/static-blogs.larioja.com\/wp-content\/uploads\/sites\/25\/2025\/08\/Hiroshima-2-1024x587.jpg 1024w, https:\/\/static-blogs.larioja.com\/wp-content\/uploads\/sites\/25\/2025\/08\/Hiroshima-2-768x440.jpg 768w\" sizes=\"(max-width: 1139px) 100vw, 1139px\" \/><\/a><\/p>\n<p>&nbsp;<\/p>\n","protected":false},"excerpt":{"rendered":"<p>\u00c9rase una vez un planeta llamado Tierra, en el que un d\u00eda de hace miles y miles de a\u00f1os surgieron los humanos. La aparici\u00f3n del homo sapiens la explican los cient\u00edficos pero, para una escribidora de cuentos, es arduo de contar. El caso es que la humanidad fue poco a poco expandi\u00e9ndose por todo el [&hellip;]<\/p>\n","protected":false},"author":28,"featured_media":3608,"comment_status":"open","ping_status":"open","sticky":false,"template":"","format":"standard","meta":[],"categories":[1],"tags":[2882,2885,2884,2881,2883],"_links":{"self":[{"href":"https:\/\/blogs.larioja.com\/entrevisillos\/wp-json\/wp\/v2\/posts\/3606"}],"collection":[{"href":"https:\/\/blogs.larioja.com\/entrevisillos\/wp-json\/wp\/v2\/posts"}],"about":[{"href":"https:\/\/blogs.larioja.com\/entrevisillos\/wp-json\/wp\/v2\/types\/post"}],"author":[{"embeddable":true,"href":"https:\/\/blogs.larioja.com\/entrevisillos\/wp-json\/wp\/v2\/users\/28"}],"replies":[{"embeddable":true,"href":"https:\/\/blogs.larioja.com\/entrevisillos\/wp-json\/wp\/v2\/comments?post=3606"}],"version-history":[{"count":2,"href":"https:\/\/blogs.larioja.com\/entrevisillos\/wp-json\/wp\/v2\/posts\/3606\/revisions"}],"predecessor-version":[{"id":3610,"href":"https:\/\/blogs.larioja.com\/entrevisillos\/wp-json\/wp\/v2\/posts\/3606\/revisions\/3610"}],"wp:featuredmedia":[{"embeddable":true,"href":"https:\/\/blogs.larioja.com\/entrevisillos\/wp-json\/wp\/v2\/media\/3608"}],"wp:attachment":[{"href":"https:\/\/blogs.larioja.com\/entrevisillos\/wp-json\/wp\/v2\/media?parent=3606"}],"wp:term":[{"taxonomy":"category","embeddable":true,"href":"https:\/\/blogs.larioja.com\/entrevisillos\/wp-json\/wp\/v2\/categories?post=3606"},{"taxonomy":"post_tag","embeddable":true,"href":"https:\/\/blogs.larioja.com\/entrevisillos\/wp-json\/wp\/v2\/tags?post=3606"}],"curies":[{"name":"wp","href":"https:\/\/api.w.org\/{rel}","templated":true}]}}