{"id":3841,"date":"2026-09-05T00:07:07","date_gmt":"2026-09-04T22:07:07","guid":{"rendered":"https:\/\/blogs.larioja.com\/entrevisillos\/?p=3841"},"modified":"2026-09-05T00:07:07","modified_gmt":"2026-09-04T22:07:07","slug":"ceuta-es-espana","status":"publish","type":"post","link":"https:\/\/blogs.larioja.com\/entrevisillos\/2026\/09\/05\/ceuta-es-espana\/","title":{"rendered":"Ceuta es Espa\u00f1a"},"content":{"rendered":"<p><strong>\u2018Ceuta es Espa\u00f1a\u2019 se repite estos d\u00edas como si lo hubi\u00e9ramos olvidado. Ceuta es Espa\u00f1a desde hace casi 400 a\u00f1os. Entiendo que nos lo recuerden los ceut\u00edes para sentir nuestra solidaridad por su sensaci\u00f3n de desamparo tras el asalto a finales de julio. La violaci\u00f3n de nuestra integridad territorial y el hecho de que m\u00e1s de 70.000 personas irrumpieran por sorpresa en la ciudad supone una ruptura brutal de su normalidad y de su propio equilibrio vital. Ante esta enormidad cualquier soluci\u00f3n siempre ser\u00e1 lenta e insuficiente. Se comprende que Ceuta denuncie el abandono porque las soluciones, en el marco de la legalidad, no son m\u00e1gicas. No se puede frotar la l\u00e1mpara de Aladino y pedir que desaparezcan todos en un santiam\u00e9n, son personas y tienen derechos.<\/strong><\/p>\n<p><strong>\u00a0\u00a0\u00a0\u00a0\u00a0\u00a0\u00a0\u00a0\u00a0\u00a0\u00a0 El gobierno ha sido lento, pero no sabemos si otro hubiera sido m\u00e1s r\u00e1pido. A los habitantes de Ceuta les mandamos nuestro afecto y pedimos a las instituciones que apresuren las soluciones. La crisis de Ceuta ha demostrado que es m\u00e1s f\u00e1cil agrupar en torno a un lema la explosi\u00f3n de malestar que dar soluci\u00f3n a las causas que hicieron que una estampida humana huyera de Marruecos hacia la primera frontera con Europa que es Ceuta, es decir, Espa\u00f1a. Adem\u00e1s de \u2018Ceuta se defiende\u2019 no he escuchado ning\u00fan remedio alternativo.<\/strong><\/p>\n<p><strong>\u00a0\u00a0\u00a0\u00a0\u00a0\u00a0\u00a0\u00a0\u00a0\u00a0\u00a0 Estos d\u00edas la discusi\u00f3n se sit\u00faa en torno a la convicci\u00f3n que tenemos la mayor\u00eda de espa\u00f1oles de que Marruecos est\u00e1 detr\u00e1s de esta extra\u00f1a invasi\u00f3n, aunque el 90% hayan regresado. Los indicios apuntan a ello y los precedentes tambi\u00e9n. El presidente del Gobierno ha insistido en el Congreso que entiende nuestra sospecha pero que, un presidente sin pruebas claras no puede acusar a nadie, pero que si las obtiene cambiar\u00e1 el tono de las relaciones con Marruecos. Como estoy segura de que m\u00e1s pronto que tarde se sabr\u00e1 toda la verdad me mantengo expectante. No porque crea, como Abascal y Feij\u00f3o, que los servicios de inteligencia marroqu\u00edes algo saben del \u2018traidor\u2019 Pedro S\u00e1nchez sino porque es muy extra\u00f1o que en la Fiesta del Trono de Mohamed VI, una multitud de j\u00f3venes que son el futuro de cualquier pa\u00eds, huyeran enga\u00f1ados y sumaran casi 150 muertos en el mar. Los que llegaron no eran invasores, eran pobres. Entre ellos muchos ni\u00f1os y mujeres que quieren vivir mejor. No olvidar que Marruecos tiene una renta per c\u00e1pita diez veces menor que la media espa\u00f1ola, mientras su Rey vive en la opulencia y el despilfarro. No creo que sea \u00e9sta una buena propaganda para la imagen de Marruecos por muy aliado que sea de Trump y de Netanyahu.<\/strong><\/p>\n<p><strong>\u00a0\u00a0\u00a0\u00a0\u00a0\u00a0\u00a0\u00a0\u00a0\u00a0\u00a0 Yo me apunto a la hip\u00f3tesis de algunos analistas que mantienen que quienes han planeado esta operaci\u00f3n de desestabilizaci\u00f3n de Espa\u00f1a nos conocen muy bien, sab\u00edan que reaccionar\u00edamos peleando entre nosotros. Nuestra sociedad est\u00e1 muy dividida y tensionada pol\u00edticamente y eso nos debilita como pa\u00eds. Las manifestaciones de apoyo a Ceuta han sido casi todas pac\u00edficas, pero tambi\u00e9n han sido territorio abonado para dar rienda suelta al odio y al insulto despiadado. Veremos.<\/strong><\/p>\n<p>&nbsp;<\/p>\n<!-- AddThis Advanced Settings generic via filter on the_content --><!-- AddThis Share Buttons generic via filter on the_content -->","protected":false},"excerpt":{"rendered":"<p>\u2018Ceuta es Espa\u00f1a\u2019 se repite estos d\u00edas como si lo hubi\u00e9ramos olvidado. Ceuta es Espa\u00f1a desde hace casi 400 a\u00f1os. Entiendo que nos lo recuerden los ceut\u00edes para sentir nuestra solidaridad por su sensaci\u00f3n de desamparo tras el asalto a finales de julio. La violaci\u00f3n de nuestra integridad territorial y el hecho de que m\u00e1s [&hellip;]<!-- AddThis Advanced Settings generic via filter on get_the_excerpt --><!-- AddThis Share Buttons generic via filter on get_the_excerpt --><\/p>\n","protected":false},"author":28,"featured_media":3843,"comment_status":"open","ping_status":"open","sticky":false,"template":"","format":"standard","meta":{"footnotes":""},"categories":[1],"tags":[1954,3073,2527,711,2080,1020],"class_list":["post-3841","post","type-post","status-publish","format-standard","has-post-thumbnail","hentry","category-uncategorized","tag-abascal","tag-ceuta-es-espana","tag-feijoo","tag-marruecos","tag-mohamed-vi","tag-sanchez"],"_links":{"self":[{"href":"https:\/\/blogs.larioja.com\/entrevisillos\/wp-json\/wp\/v2\/posts\/3841","targetHints":{"allow":["GET"]}}],"collection":[{"href":"https:\/\/blogs.larioja.com\/entrevisillos\/wp-json\/wp\/v2\/posts"}],"about":[{"href":"https:\/\/blogs.larioja.com\/entrevisillos\/wp-json\/wp\/v2\/types\/post"}],"author":[{"embeddable":true,"href":"https:\/\/blogs.larioja.com\/entrevisillos\/wp-json\/wp\/v2\/users\/28"}],"replies":[{"embeddable":true,"href":"https:\/\/blogs.larioja.com\/entrevisillos\/wp-json\/wp\/v2\/comments?post=3841"}],"version-history":[{"count":1,"href":"https:\/\/blogs.larioja.com\/entrevisillos\/wp-json\/wp\/v2\/posts\/3841\/revisions"}],"predecessor-version":[{"id":3842,"href":"https:\/\/blogs.larioja.com\/entrevisillos\/wp-json\/wp\/v2\/posts\/3841\/revisions\/3842"}],"wp:featuredmedia":[{"embeddable":true,"href":"https:\/\/blogs.larioja.com\/entrevisillos\/wp-json\/wp\/v2\/media\/3843"}],"wp:attachment":[{"href":"https:\/\/blogs.larioja.com\/entrevisillos\/wp-json\/wp\/v2\/media?parent=3841"}],"wp:term":[{"taxonomy":"category","embeddable":true,"href":"https:\/\/blogs.larioja.com\/entrevisillos\/wp-json\/wp\/v2\/categories?post=3841"},{"taxonomy":"post_tag","embeddable":true,"href":"https:\/\/blogs.larioja.com\/entrevisillos\/wp-json\/wp\/v2\/tags?post=3841"}],"curies":[{"name":"wp","href":"https:\/\/api.w.org\/{rel}","templated":true}]}}