{"id":238,"date":"2014-02-24T18:50:31","date_gmt":"2014-02-24T17:50:31","guid":{"rendered":"http:\/\/blogs.larioja.com\/esferadecristal\/?p=238"},"modified":"2014-02-24T18:50:31","modified_gmt":"2014-02-24T17:50:31","slug":"meter-las-narices","status":"publish","type":"post","link":"https:\/\/blogs.larioja.com\/esferadecristal\/2014\/02\/24\/meter-las-narices\/","title":{"rendered":"Meter las narices"},"content":{"rendered":"<p>La semana pasada las Naciones Unidas, supuesto vigilante de las injusticias del mundo pero que no se distingue precisamente por llegar a tiempo en sus cr\u00edticas, lanz\u00f3 una buena rega\u00f1ina al <strong>Vaticano<\/strong>. Tampoco lleg\u00f3 a m\u00e1s. La organizaci\u00f3n supranacional acus\u00f3 a la <strong>Iglesia cat\u00f3lica<\/strong> de no proteger debidamente a los menores en su prioritario af\u00e1n por defender a los culpables de los esc\u00e1ndalos de pederastia por encima del bienestar de las v\u00edctimas de tan deningrante ultraje.<\/p>\n<p>Apenas tard\u00f3 unas horas el poderoso estado vaticano en arremeter contra la ONU porque, seg\u00fan argumentaban desde la sede apost\u00f3lica, las Naciones Unidas comet\u00edan injerencia al meterse en un asunto interno de la Iglesia. Vaya, en plata, que la ONU estaba metiendo las narices en un asunto que no le incumbe. Le dijo la sart\u00e9n al cazo. Que tiene historia la cosa, cuando se presupone que Naciones Unidas est\u00e1 para eso precisamente, para advertir al mundo de sus males. Porque, lo que se dice capacidad efectiva de actuaci\u00f3n, mucha no tiene.<\/p>\n<p>En fin, debo estar volvi\u00e9ndome loca o algo peor, porque en los \u00faltimos tiempos no oigo m\u00e1s que a curas hablar de temas de lo m\u00e1s relacionados con la confesi\u00f3n cat\u00f3lica (modo iron\u00eda on).\u00a0 Ellos deben ser <strong>expertos en<\/strong> biolog\u00eda fetal, en psicolog\u00eda femenina, en sociolog\u00eda o en econom\u00eda dom\u00e9stica, entre otros temas. Porque no hacen otra cosa que sentar c\u00e1tedra sobre estos asuntos, y otros muchos, sin dar oportunidad a nadie a discrepar. Lo que ellos dicen es doctrina. Y punto.<\/p>\n<p>Ojo, que me parece muy respetable que la Iglesia cat\u00f3lica defienda sus principios y normas. Para eso est\u00e1. Pero acusar a la ONU de injerencia porque se\u00f1ala los <strong>casos de pederastia<\/strong> es no ver la viga en el ojo propio.<\/p>\n","protected":false},"excerpt":{"rendered":"<p>La semana pasada las Naciones Unidas, supuesto vigilante de las injusticias del mundo pero que no se distingue precisamente por llegar a tiempo en sus cr\u00edticas, lanz\u00f3 una buena rega\u00f1ina al Vaticano. Tampoco lleg\u00f3 a m\u00e1s. La organizaci\u00f3n supranacional acus\u00f3 a la Iglesia cat\u00f3lica de no proteger debidamente a los menores en su prioritario af\u00e1n [&hellip;]<\/p>\n","protected":false},"author":10,"featured_media":0,"comment_status":"open","ping_status":"open","sticky":false,"template":"","format":"standard","meta":[],"categories":[2,3],"tags":[77,160,197,270,386],"_links":{"self":[{"href":"https:\/\/blogs.larioja.com\/esferadecristal\/wp-json\/wp\/v2\/posts\/238"}],"collection":[{"href":"https:\/\/blogs.larioja.com\/esferadecristal\/wp-json\/wp\/v2\/posts"}],"about":[{"href":"https:\/\/blogs.larioja.com\/esferadecristal\/wp-json\/wp\/v2\/types\/post"}],"author":[{"embeddable":true,"href":"https:\/\/blogs.larioja.com\/esferadecristal\/wp-json\/wp\/v2\/users\/10"}],"replies":[{"embeddable":true,"href":"https:\/\/blogs.larioja.com\/esferadecristal\/wp-json\/wp\/v2\/comments?post=238"}],"version-history":[{"count":0,"href":"https:\/\/blogs.larioja.com\/esferadecristal\/wp-json\/wp\/v2\/posts\/238\/revisions"}],"wp:attachment":[{"href":"https:\/\/blogs.larioja.com\/esferadecristal\/wp-json\/wp\/v2\/media?parent=238"}],"wp:term":[{"taxonomy":"category","embeddable":true,"href":"https:\/\/blogs.larioja.com\/esferadecristal\/wp-json\/wp\/v2\/categories?post=238"},{"taxonomy":"post_tag","embeddable":true,"href":"https:\/\/blogs.larioja.com\/esferadecristal\/wp-json\/wp\/v2\/tags?post=238"}],"curies":[{"name":"wp","href":"https:\/\/api.w.org\/{rel}","templated":true}]}}