{"id":330,"date":"2016-05-04T16:56:31","date_gmt":"2016-05-04T15:56:31","guid":{"rendered":"http:\/\/blogs.larioja.com\/esferadecristal\/?p=330"},"modified":"2016-05-04T16:56:31","modified_gmt":"2016-05-04T15:56:31","slug":"tres-meses","status":"publish","type":"post","link":"https:\/\/blogs.larioja.com\/esferadecristal\/2016\/05\/04\/tres-meses\/","title":{"rendered":"Tres meses"},"content":{"rendered":"<p>Hace tres meses que empez\u00f3 su curso. Y los cr\u00edos lo est\u00e1n gozando. Resulta que en su primer curso <strong>Pedrito<\/strong> ha hecho muchos amigos. Sus pap\u00e1s est\u00e1n muy orgullosos; ellos, que pensaban que su peque\u00f1\u00edn no podr\u00eda cultivar tantas amistades, es ahora el m\u00e1s popular de la clase. Ha hecho migas con <strong>Albertito<\/strong>, tambi\u00e9n guapo aunque con el pelo m\u00e1s revuelto. Quedan muchas veces para jugar juntos.<\/p>\n<p><!--more--><\/p>\n<p>Pedrito quiere ser el delegado de clase. Sabe que cuenta con el apoyo de Albertito y sus amigos. Pero no se bastan solos y tiene que recabar el voto de m\u00e1s \u2018compis\u2019. Pedrito se ha acercado a un par de ni\u00f1os que hablan algo raro, pero no le convencen mucho, pues suelen jugar solos y llevarse la pelota cuando menos se lo espera. Y eso a Pedro no le gusta demasiado, m\u00e1s que nada, porque Susanita, que tambi\u00e9n quiere ser delegada y es muy mandona, no le deja ni hablar con ellos.<\/p>\n<p>Uno que se junta mucho es <strong>Pablito<\/strong>, que es as\u00ed como hippy y lleva el pelo largo. Tambi\u00e9n es un poco rebelde y le gusta discutir. Incluso se ha enfadado con el que era su mejor amigo, I\u00f1iguito, porque no opinaban lo mismo sobre Pedrito. Pablito quiere ser subdelegado y mandar mucho sin hacer caso a nadie, pero no acaba de votar a Pedrito. As\u00ed que este ha llamado a Alexis, que es el delegado de otra clase y muy amigo de Pablito, para que le convenza. Pero <strong>Alexis<\/strong> le ha dicho a Pedrito que se busque la vida, que \u00e9l bastante tiene con su propia clase.<\/p>\n<p>Y mientras tanto, el mayor de la clase, <strong>Marianito<\/strong>, que ha repetido varios cursos y conoce todas las triqui\u00f1uelas, espera. Marianito quiere volver a ser delegado y tiene m\u00e1s votos, pero cae mal al resto de los ni\u00f1os y nadie quiere acercarse demasiado a \u00e9l. Dicen que huele mal o algo as\u00ed.<br \/>\nY as\u00ed llevan tres meses de \u2018cole\u2019.<\/p>\n","protected":false},"excerpt":{"rendered":"<p>Hace tres meses que empez\u00f3 su curso. Y los cr\u00edos lo est\u00e1n gozando. Resulta que en su primer curso Pedrito ha hecho muchos amigos. Sus pap\u00e1s est\u00e1n muy orgullosos; ellos, que pensaban que su peque\u00f1\u00edn no podr\u00eda cultivar tantas amistades, es ahora el m\u00e1s popular de la clase. Ha hecho migas con Albertito, tambi\u00e9n guapo [&hellip;]<\/p>\n","protected":false},"author":10,"featured_media":0,"comment_status":"open","ping_status":"open","sticky":false,"template":"","format":"standard","meta":[],"categories":[2,3],"tags":[],"_links":{"self":[{"href":"https:\/\/blogs.larioja.com\/esferadecristal\/wp-json\/wp\/v2\/posts\/330"}],"collection":[{"href":"https:\/\/blogs.larioja.com\/esferadecristal\/wp-json\/wp\/v2\/posts"}],"about":[{"href":"https:\/\/blogs.larioja.com\/esferadecristal\/wp-json\/wp\/v2\/types\/post"}],"author":[{"embeddable":true,"href":"https:\/\/blogs.larioja.com\/esferadecristal\/wp-json\/wp\/v2\/users\/10"}],"replies":[{"embeddable":true,"href":"https:\/\/blogs.larioja.com\/esferadecristal\/wp-json\/wp\/v2\/comments?post=330"}],"version-history":[{"count":0,"href":"https:\/\/blogs.larioja.com\/esferadecristal\/wp-json\/wp\/v2\/posts\/330\/revisions"}],"wp:attachment":[{"href":"https:\/\/blogs.larioja.com\/esferadecristal\/wp-json\/wp\/v2\/media?parent=330"}],"wp:term":[{"taxonomy":"category","embeddable":true,"href":"https:\/\/blogs.larioja.com\/esferadecristal\/wp-json\/wp\/v2\/categories?post=330"},{"taxonomy":"post_tag","embeddable":true,"href":"https:\/\/blogs.larioja.com\/esferadecristal\/wp-json\/wp\/v2\/tags?post=330"}],"curies":[{"name":"wp","href":"https:\/\/api.w.org\/{rel}","templated":true}]}}