{"id":332,"date":"2016-05-05T09:00:47","date_gmt":"2016-05-05T08:00:47","guid":{"rendered":"http:\/\/blogs.larioja.com\/esferadecristal\/?p=332"},"modified":"2016-05-05T09:00:47","modified_gmt":"2016-05-05T08:00:47","slug":"sin-generalizar","status":"publish","type":"post","link":"https:\/\/blogs.larioja.com\/esferadecristal\/2016\/05\/05\/sin-generalizar\/","title":{"rendered":"Sin generalizar"},"content":{"rendered":"<p>Generalizar es peligroso. Se corre el riesgo de amontonar bajo un mismo precepto a ejemplares que no se rigen por par\u00e1metros iguales. Sin embargo, lo hacemos. Para ir de cabeza al error.<\/p>\n<p><!--more--><\/p>\n<p>Por lo general, las generaciones m\u00e1s mayores ven a sus adolescentes\/j\u00f3venes como vagos, iletrados e irrespetuosos. Eso, como m\u00ednimo. Me reafirmaba yo en esa creencia el otro d\u00eda cuando me top\u00e9 en una visita (terriblemente dura, por cierto) al campo de exterminio de Auschwitz con una estudiante de Erasmus que iba de ch\u00e1chara. \u00abAlgo hab\u00eda o\u00eddo, pero no sab\u00eda que hab\u00edan matado a tanta gente, ni eso\u00bb, dec\u00eda la moza sin sonrojo. Lo grave no es que no conociera ni un poco del episodio m\u00e1s grave de la Historia de la Humanidad; sino que ella, que llevaba \u00a1seis meses! estudiando en <strong>Cracovia<\/strong> gracias a una oportunidad \u00fanica, no se hubiera molestado en informarse ni un poco sobre la ciudad y el pa\u00eds que iban a acogerle durante un a\u00f1o entero. Resopl\u00e9, pero call\u00e9.<\/p>\n<p>Me vi un par de semanas despu\u00e9s en Sevilla. Ca\u00ed por casualidad, mientras esperaba a que desfilaran los pasos de la \u2018madrug\u00e1\u2019, entre un grupo de quincea\u00f1eras. Era casi c\u00f3mico observar al quinteto de chavalitas, pintadas como puertas, chatear con sus \u2018ni\u00f1os\u2019 mientras aguardaban. \u00abMe dice esto\u00bb, \u00abA m\u00ed aquello\u00bb, y yo me sonre\u00eda por dentro sin poder evitar la escucha.<\/p>\n<p>Cuando a lo lejos sonaron las cornetas, la m\u00e1s salerosa se gir\u00f3 hacia su amiga con el rostro emocionado y le ense\u00f1\u00f3 el \u2018whatsapp\u2019 que acababa de remitir a su novio. Acompa\u00f1ando a una reci\u00e9n tomada foto del <strong>Cristo de Triana<\/strong>, alcanc\u00e9 a leer lo que escrib\u00eda a su amor: \u00abLuego hablamos, que aqu\u00ed llega mi Rey\u00bb. Sin palabras me dej\u00f3. Bueno, con un pu\u00f1ado: generalizar es peligroso. E injusto.<\/p>\n","protected":false},"excerpt":{"rendered":"<p>Generalizar es peligroso. Se corre el riesgo de amontonar bajo un mismo precepto a ejemplares que no se rigen por par\u00e1metros iguales. Sin embargo, lo hacemos. Para ir de cabeza al error.<\/p>\n","protected":false},"author":10,"featured_media":0,"comment_status":"open","ping_status":"open","sticky":false,"template":"","format":"standard","meta":[],"categories":[2,3],"tags":[],"_links":{"self":[{"href":"https:\/\/blogs.larioja.com\/esferadecristal\/wp-json\/wp\/v2\/posts\/332"}],"collection":[{"href":"https:\/\/blogs.larioja.com\/esferadecristal\/wp-json\/wp\/v2\/posts"}],"about":[{"href":"https:\/\/blogs.larioja.com\/esferadecristal\/wp-json\/wp\/v2\/types\/post"}],"author":[{"embeddable":true,"href":"https:\/\/blogs.larioja.com\/esferadecristal\/wp-json\/wp\/v2\/users\/10"}],"replies":[{"embeddable":true,"href":"https:\/\/blogs.larioja.com\/esferadecristal\/wp-json\/wp\/v2\/comments?post=332"}],"version-history":[{"count":0,"href":"https:\/\/blogs.larioja.com\/esferadecristal\/wp-json\/wp\/v2\/posts\/332\/revisions"}],"wp:attachment":[{"href":"https:\/\/blogs.larioja.com\/esferadecristal\/wp-json\/wp\/v2\/media?parent=332"}],"wp:term":[{"taxonomy":"category","embeddable":true,"href":"https:\/\/blogs.larioja.com\/esferadecristal\/wp-json\/wp\/v2\/categories?post=332"},{"taxonomy":"post_tag","embeddable":true,"href":"https:\/\/blogs.larioja.com\/esferadecristal\/wp-json\/wp\/v2\/tags?post=332"}],"curies":[{"name":"wp","href":"https:\/\/api.w.org\/{rel}","templated":true}]}}