{"id":333,"date":"2016-05-06T08:59:13","date_gmt":"2016-05-06T07:59:13","guid":{"rendered":"http:\/\/blogs.larioja.com\/esferadecristal\/?p=333"},"modified":"2016-05-06T08:59:13","modified_gmt":"2016-05-06T07:59:13","slug":"desangrados","status":"publish","type":"post","link":"https:\/\/blogs.larioja.com\/esferadecristal\/2016\/05\/06\/desangrados\/","title":{"rendered":"Desangrados"},"content":{"rendered":"<p>Nos volvemos insensibles e indiferentes. Es un mecanismo de defensa comprensible, pero no deja de ser preocupante. Sin embargo, hay ocasiones que con mucho m\u00e1s en juego que unos millones de euros.<\/p>\n<p><!--more--><\/p>\n<p>Asistimos la semana pasada al en\u00e9simo cap\u00edtulo de un desprop\u00f3sito encallado desde hace a\u00f1os y sin visos de soluci\u00f3n pr\u00f3xima. La pugna entre el <strong>Gobierno de La Rioja<\/strong> y la <strong>Asociaci\u00f3n de Donantes de La Rioja (Adonar)<\/strong> no se mitiga con el tiempo, s\u00f3lo se enquista. La \u00faltima entrega de la crisis, que tiene mucho m\u00e1s de lo que aparenta de conflicto personal y fobia pol\u00edtica, se sald\u00f3 la semana pasada con el anuncio de suspensi\u00f3n de la Valvanerada, dada la p\u00e9sima situaci\u00f3n econ\u00f3mica de Adonar. La marcha, instrumento de promoci\u00f3n de la donaci\u00f3n de sangre desde 1976, ha quedado en el aire por la evidente incapacidad de negociar de ambas partes.<\/p>\n<p>Adonar, como parte supuestamente ofendida por no s\u00e9 qu\u00e9 cl\u00e1usula opaca del convenio, se afana (a trav\u00e9s de su presidente) en acusar al Gobierno de falta de transparencia. \u00bfQu\u00e9 se supone que ha de pensar el donante riojano sobre lo que su Gobierno hace con la sangre? M\u00e1s a\u00fan cuando Adonar dice textualmente que el Gobierno le \u00abha mentido, ha difamado o ha amenazado\u00bb. Mientras, ante acusaciones semejantes (y m\u00e1s graves a\u00fan), el Ejecutivo se limita a responder tibiamente mediante comunicados de prensa, lo que no despeja dudas ni sospechas.<\/p>\n<p>Ni s\u00e9 ni me importa qu\u00e9 les pasa y cu\u00e1l es el trasfondo \u2013personal y\/o pol\u00edtico\u2013 que azuza semejante encono. Lo que s\u00ed s\u00e9 es que muchos donantes no se sienten c\u00f3modos con este panorama. Y eso s\u00ed perjudica a todos. Porque nos deja desangrados.<\/p>\n","protected":false},"excerpt":{"rendered":"<p>Nos volvemos insensibles e indiferentes. Es un mecanismo de defensa comprensible, pero no deja de ser preocupante. Sin embargo, hay ocasiones que con mucho m\u00e1s en juego que unos millones de euros.<\/p>\n","protected":false},"author":10,"featured_media":0,"comment_status":"open","ping_status":"open","sticky":false,"template":"","format":"standard","meta":[],"categories":[2,3],"tags":[],"_links":{"self":[{"href":"https:\/\/blogs.larioja.com\/esferadecristal\/wp-json\/wp\/v2\/posts\/333"}],"collection":[{"href":"https:\/\/blogs.larioja.com\/esferadecristal\/wp-json\/wp\/v2\/posts"}],"about":[{"href":"https:\/\/blogs.larioja.com\/esferadecristal\/wp-json\/wp\/v2\/types\/post"}],"author":[{"embeddable":true,"href":"https:\/\/blogs.larioja.com\/esferadecristal\/wp-json\/wp\/v2\/users\/10"}],"replies":[{"embeddable":true,"href":"https:\/\/blogs.larioja.com\/esferadecristal\/wp-json\/wp\/v2\/comments?post=333"}],"version-history":[{"count":0,"href":"https:\/\/blogs.larioja.com\/esferadecristal\/wp-json\/wp\/v2\/posts\/333\/revisions"}],"wp:attachment":[{"href":"https:\/\/blogs.larioja.com\/esferadecristal\/wp-json\/wp\/v2\/media?parent=333"}],"wp:term":[{"taxonomy":"category","embeddable":true,"href":"https:\/\/blogs.larioja.com\/esferadecristal\/wp-json\/wp\/v2\/categories?post=333"},{"taxonomy":"post_tag","embeddable":true,"href":"https:\/\/blogs.larioja.com\/esferadecristal\/wp-json\/wp\/v2\/tags?post=333"}],"curies":[{"name":"wp","href":"https:\/\/api.w.org\/{rel}","templated":true}]}}