{"id":335,"date":"2016-07-20T12:08:52","date_gmt":"2016-07-20T11:08:52","guid":{"rendered":"http:\/\/blogs.larioja.com\/esferadecristal\/?p=335"},"modified":"2016-07-20T12:08:52","modified_gmt":"2016-07-20T11:08:52","slug":"la-periferia-no-es-para-mi","status":"publish","type":"post","link":"https:\/\/blogs.larioja.com\/esferadecristal\/2016\/07\/20\/la-periferia-no-es-para-mi\/","title":{"rendered":"La periferia no es para m\u00ed"},"content":{"rendered":"<p>Han pasado algunas primaveras desde que mi gran sentido de la oportunidad me forzara a independizarme justo, justo antes de que estallara la burbuja inmobiliaria. Mi exiguo presupuesto me obligaba a escoger entre una vieja y destrozada vivienda del centro y un nuevo minipiso de la periferia. Me decant\u00e9 por lo segundo, segura de que las comodidades de un barrio reci\u00e9n urbanizado paliar\u00edan la ligera desventaja de su m\u00e1s o menos alejada ubicaci\u00f3n.<\/p>\n<p><!--more--><\/p>\n<p>Como sin ser millonario (o pol\u00edtico corrupto) no se puede tener todo, me obstin\u00e9 en los pros otorgando especial \u00e9nfasis al ambiente tranquilo, que me deparar\u00eda sin duda un estilo de vida reposado sin el contaminante tr\u00e1fico ni el perpetuo machaque ac\u00fastico del centro. Vamos, que casi me ve\u00eda despertando cual la dulce Blancanieves de Disney. Y casi, casi.<\/p>\n<p>Mis ma\u00f1anas suelen comenzar con una larga retah\u00edla de ladridos de los cinco o seis canes (al menos) que se re\u00fanen para corretear y aliviarse en el jard\u00edn que hay bajo mi ventana. Eso, cuando no son los cortac\u00e9spedes municipales los que \u00a1con puntualidad brit\u00e1nica! comienzan su jornada a primera hora. Es lo que tiene vivir en la periferia: que hay parques.<\/p>\n<p>Tampoco puedo olvidar la habitual bronca matutina de mis vecinos o la diaria crisis nerviosa del beb\u00e9 del piso de arriba. Es lo que tiene comprar un piso levantado durante la burbuja: que se oye hasta respirar.<\/p>\n<p>A ello se suma la inclemente moda de estar en forma que, entre los multitudinarios paseos y las infinitas pruebas deportivas de cadasemana, convierte el supuestamente apacible barrio en un abarrotado centro de reuni\u00f3n.<\/p>\n<p>Ojo, que a m\u00ed me parece perfecto que mi barrio rebose actividad. Pero yo busco algo m\u00e1s tranquilo. Como la Gran V\u00eda o as\u00ed.<\/p>\n","protected":false},"excerpt":{"rendered":"<p>Han pasado algunas primaveras desde que mi gran sentido de la oportunidad me forzara a independizarme justo, justo antes de que estallara la burbuja inmobiliaria. Mi exiguo presupuesto me obligaba a escoger entre una vieja y destrozada vivienda del centro y un nuevo minipiso de la periferia. Me decant\u00e9 por lo segundo, segura de que [&hellip;]<\/p>\n","protected":false},"author":10,"featured_media":0,"comment_status":"open","ping_status":"open","sticky":false,"template":"","format":"standard","meta":[],"categories":[2,3],"tags":[],"_links":{"self":[{"href":"https:\/\/blogs.larioja.com\/esferadecristal\/wp-json\/wp\/v2\/posts\/335"}],"collection":[{"href":"https:\/\/blogs.larioja.com\/esferadecristal\/wp-json\/wp\/v2\/posts"}],"about":[{"href":"https:\/\/blogs.larioja.com\/esferadecristal\/wp-json\/wp\/v2\/types\/post"}],"author":[{"embeddable":true,"href":"https:\/\/blogs.larioja.com\/esferadecristal\/wp-json\/wp\/v2\/users\/10"}],"replies":[{"embeddable":true,"href":"https:\/\/blogs.larioja.com\/esferadecristal\/wp-json\/wp\/v2\/comments?post=335"}],"version-history":[{"count":0,"href":"https:\/\/blogs.larioja.com\/esferadecristal\/wp-json\/wp\/v2\/posts\/335\/revisions"}],"wp:attachment":[{"href":"https:\/\/blogs.larioja.com\/esferadecristal\/wp-json\/wp\/v2\/media?parent=335"}],"wp:term":[{"taxonomy":"category","embeddable":true,"href":"https:\/\/blogs.larioja.com\/esferadecristal\/wp-json\/wp\/v2\/categories?post=335"},{"taxonomy":"post_tag","embeddable":true,"href":"https:\/\/blogs.larioja.com\/esferadecristal\/wp-json\/wp\/v2\/tags?post=335"}],"curies":[{"name":"wp","href":"https:\/\/api.w.org\/{rel}","templated":true}]}}