{"id":338,"date":"2016-07-23T12:11:45","date_gmt":"2016-07-23T11:11:45","guid":{"rendered":"http:\/\/blogs.larioja.com\/esferadecristal\/?p=338"},"modified":"2016-07-23T12:11:45","modified_gmt":"2016-07-23T11:11:45","slug":"obligados-a-hablar","status":"publish","type":"post","link":"https:\/\/blogs.larioja.com\/esferadecristal\/2016\/07\/23\/obligados-a-hablar\/","title":{"rendered":"Obligados a hablar"},"content":{"rendered":"<p>Una cosa les voy a decir: yo a las terceras no llego. Me dan igual los vetos, las enemistades, las incompatibilidades, los sillones&#8230; todo. No estoy dispuesta a volver a sufrir unas terceras elecciones generales. Otra vez, no.<\/p>\n<p><!--more--><\/p>\n<p>Por esta bendita (a veces) profesi\u00f3n del periodismo que me dio por escoger, no me libro de un solo suceso de envergadura, ya sean sangrientos sucesos terroristas, enlaces matrimoniales de alto copete o eventos deportivos de primera fila. Sucedan a la hora que sucedan. Estar al pie del ca\u00f1\u00f3n en casos as\u00ed no me disgusta, en absoluto, son gajes del oficio y hasta tiene un componente de adrenalina que engancha.<\/p>\n<p>Pero en el trato no entra el af\u00e1n que les ha entrado a los cuatro l\u00edderes pol\u00edticos por llevarnos a sucesivas elecciones dada su incapacidad para alcanzar acuerdos. Dado el fracaso negociador tras el 20D, los cuatro deber\u00edan haber dimitido y dejado paso a otros con m\u00e1s cintura pol\u00edtica. Pero aquello (\u00a1esto es Espa\u00f1a, qu\u00e9 queremos!) no sucedi\u00f3 y el domingo pasado nos obligaron a volver a las urnas.<\/p>\n<p>Tampoco es que las cosas hayan cambiado demasiado, si acaso han bajado algunos humos algo elevados. Pero el panorama es similar al que surgi\u00f3 tras diciembre: no les quedar\u00e1 otra que hablar y negociar. Y esta vez, sin excusas ni insinuaciones de que los espa\u00f1oles se han equivocado al votar. No cuela.<\/p>\n<p>Porque, perdonen mi ego\u00edsmo, pero no quiero hipotecar otro domingo de mi vida con una jornada maratoniana de trabajo que no tenga provecho. Si yo (y tantos otros periodistas, polic\u00edas, profesionales o ciudadanos de las mesas electorales) hago un esfuerzo, ellos nos deben un empe\u00f1o real para que el pa\u00eds se ponga en marcha de una vez, que ya es hora.<\/p>\n","protected":false},"excerpt":{"rendered":"<p>Una cosa les voy a decir: yo a las terceras no llego. Me dan igual los vetos, las enemistades, las incompatibilidades, los sillones&#8230; todo. No estoy dispuesta a volver a sufrir unas terceras elecciones generales. Otra vez, no.<\/p>\n","protected":false},"author":10,"featured_media":0,"comment_status":"open","ping_status":"open","sticky":false,"template":"","format":"standard","meta":[],"categories":[2,3],"tags":[],"_links":{"self":[{"href":"https:\/\/blogs.larioja.com\/esferadecristal\/wp-json\/wp\/v2\/posts\/338"}],"collection":[{"href":"https:\/\/blogs.larioja.com\/esferadecristal\/wp-json\/wp\/v2\/posts"}],"about":[{"href":"https:\/\/blogs.larioja.com\/esferadecristal\/wp-json\/wp\/v2\/types\/post"}],"author":[{"embeddable":true,"href":"https:\/\/blogs.larioja.com\/esferadecristal\/wp-json\/wp\/v2\/users\/10"}],"replies":[{"embeddable":true,"href":"https:\/\/blogs.larioja.com\/esferadecristal\/wp-json\/wp\/v2\/comments?post=338"}],"version-history":[{"count":0,"href":"https:\/\/blogs.larioja.com\/esferadecristal\/wp-json\/wp\/v2\/posts\/338\/revisions"}],"wp:attachment":[{"href":"https:\/\/blogs.larioja.com\/esferadecristal\/wp-json\/wp\/v2\/media?parent=338"}],"wp:term":[{"taxonomy":"category","embeddable":true,"href":"https:\/\/blogs.larioja.com\/esferadecristal\/wp-json\/wp\/v2\/categories?post=338"},{"taxonomy":"post_tag","embeddable":true,"href":"https:\/\/blogs.larioja.com\/esferadecristal\/wp-json\/wp\/v2\/tags?post=338"}],"curies":[{"name":"wp","href":"https:\/\/api.w.org\/{rel}","templated":true}]}}