{"id":339,"date":"2016-07-27T12:12:57","date_gmt":"2016-07-27T11:12:57","guid":{"rendered":"http:\/\/blogs.larioja.com\/esferadecristal\/?p=339"},"modified":"2016-07-27T12:12:57","modified_gmt":"2016-07-27T11:12:57","slug":"poker-de-damas","status":"publish","type":"post","link":"https:\/\/blogs.larioja.com\/esferadecristal\/2016\/07\/27\/poker-de-damas\/","title":{"rendered":"\u00bfP\u00f3ker de damas?"},"content":{"rendered":"<p>Hace unos a\u00f1os ya que una frase de Leire Paj\u00edn, la otrora diputada y ministra socialista y ahora bien (y discretamente) aposentada en una instituci\u00f3n filantr\u00f3pica, solt\u00f3 una de esas perlas que provoc\u00f3 la carcajada general. Se\u00f1al\u00f3 con grandilocuencia que la coincidencia de Obama y Zapatero como l\u00edderes de sus respectivos pa\u00edses era un \u00abacontecimiento hist\u00f3rico planetario\u00bb sin parang\u00f3n en el progresismo mundial (en fin&#8230;). <\/p>\n<p><!--more--><\/p>\n<p>Aquella entusiasmada declaraci\u00f3n qued\u00f3 por fortuna pronto en el olvido. Pero ahora es justo recuperarla, aunque para aplicarla de otra manera, creo que con m\u00e1s justicia. Por primera vez en la historia de la pol\u00edtica occidental, dos mujeres gobiernan en dos de las naciones m\u00e1s importantes del viejo continente europeo. Angela Merkel y Theresa May lideran las a\u00f1ejas potencias de Alemania y Gran Breta\u00f1a. Y lo que es m\u00e1s, otra f\u00e9mina m\u00e1s puede alzarse con el bast\u00f3n de mando del pa\u00eds m\u00e1s poderoso del planeta, si los estadounidenses escogen a Hillary Clinton por delante del mis\u00f3gino, xen\u00f3fobo y ultraconservador, am\u00e9n de rid\u00edculo, Donald Trump.<\/p>\n<p>Hasta ah\u00ed son tres las mujeres que pueden liderar el mundo hacia un nuevo rumbo en la pol\u00edtica internacional. Un tr\u00edo de damas que, siguiendo el s\u00edmil l\u00fadico, podr\u00eda convertirse en p\u00f3ker si en Espa\u00f1a se dejara paso a que gobernaran ellas. Y no por paridad, sino por val\u00eda, que la tienen.<br \/>\n<!--more--><br \/>\nDe momento, nos tendremos que conformar con la presencia de Ana Pastor al frente del Congreso. Ya veremos si m\u00e1s adelante, nos podemos sumar al club de las presidentas y no s\u00f3lo quedarnos en el de primeras damas consortes.  <\/p>\n","protected":false},"excerpt":{"rendered":"<p>Hace unos a\u00f1os ya que una frase de Leire Paj\u00edn, la otrora diputada y ministra socialista y ahora bien (y discretamente) aposentada en una instituci\u00f3n filantr\u00f3pica, solt\u00f3 una de esas perlas que provoc\u00f3 la carcajada general. Se\u00f1al\u00f3 con grandilocuencia que la coincidencia de Obama y Zapatero como l\u00edderes de sus respectivos pa\u00edses era un \u00abacontecimiento [&hellip;]<\/p>\n","protected":false},"author":10,"featured_media":0,"comment_status":"open","ping_status":"open","sticky":false,"template":"","format":"standard","meta":[],"categories":[2,3],"tags":[],"_links":{"self":[{"href":"https:\/\/blogs.larioja.com\/esferadecristal\/wp-json\/wp\/v2\/posts\/339"}],"collection":[{"href":"https:\/\/blogs.larioja.com\/esferadecristal\/wp-json\/wp\/v2\/posts"}],"about":[{"href":"https:\/\/blogs.larioja.com\/esferadecristal\/wp-json\/wp\/v2\/types\/post"}],"author":[{"embeddable":true,"href":"https:\/\/blogs.larioja.com\/esferadecristal\/wp-json\/wp\/v2\/users\/10"}],"replies":[{"embeddable":true,"href":"https:\/\/blogs.larioja.com\/esferadecristal\/wp-json\/wp\/v2\/comments?post=339"}],"version-history":[{"count":0,"href":"https:\/\/blogs.larioja.com\/esferadecristal\/wp-json\/wp\/v2\/posts\/339\/revisions"}],"wp:attachment":[{"href":"https:\/\/blogs.larioja.com\/esferadecristal\/wp-json\/wp\/v2\/media?parent=339"}],"wp:term":[{"taxonomy":"category","embeddable":true,"href":"https:\/\/blogs.larioja.com\/esferadecristal\/wp-json\/wp\/v2\/categories?post=339"},{"taxonomy":"post_tag","embeddable":true,"href":"https:\/\/blogs.larioja.com\/esferadecristal\/wp-json\/wp\/v2\/tags?post=339"}],"curies":[{"name":"wp","href":"https:\/\/api.w.org\/{rel}","templated":true}]}}