{"id":342,"date":"2016-09-08T12:33:33","date_gmt":"2016-09-08T11:33:33","guid":{"rendered":"http:\/\/blogs.larioja.com\/esferadecristal\/?p=342"},"modified":"2016-09-08T12:33:33","modified_gmt":"2016-09-08T11:33:33","slug":"el-desgobierno","status":"publish","type":"post","link":"https:\/\/blogs.larioja.com\/esferadecristal\/2016\/09\/08\/el-desgobierno\/","title":{"rendered":"El desgobierno"},"content":{"rendered":"<p>Vaya man\u00eda le ha entrado a todo el mundo con que se forme gobierno en Espa\u00f1a cuanto antes. Rajoy, S\u00e1nchez, Rivera e Iglesias andan todos afanados en lanzarse ocurrentes pullas veraniegas mientras otros les afean que no se pongan de acuerdo. Vale, me incluyo yo tambi\u00e9n&#8230; hasta ahora, que me desdigo. <\/p>\n<p><!--more--><\/p>\n<p>Me he percatado de que no estamos tan mal. Que no haya gobierno desde hace ya \u00a1diez! meses (cuando se disolvieron las Cortes all\u00e1 por octubre) no est\u00e1 tan mal. Ni mucho menos. <\/p>\n<p>Empiezo a creer que el desgobierno no es tan perjudicial como nos hicieron pensar en un principio; es decir, que la inestabilidad pol\u00edtica tan mala, tan mala, no es. Resulta que si las cosas no se tuercen, Espa\u00f1a batir\u00e1 este 2016 su r\u00e9cord de visitantes extranjeros, con una proyecci\u00f3n estimada de \u00a174 millones de turistas! Y eso, sin ministro de Turismo. <\/p>\n<p>Adem\u00e1s, Espa\u00f1a mantiene un excelente ritmo en las exportaciones comerciales, de hasta 128.000 millones de euros. Los datos sobre el crecimiento econ\u00f3mico sorprenden al m\u00e1s optimista de los analistas, pues avanzan que Espa\u00f1a, sin gobierno, crecer\u00e1 al menos un 3,1% en este ejercicio, datos que no alcanza ni la Alemania de Merkel&#8230; Y eso, sin ministro de Econom\u00eda.<\/p>\n<p>Crece el consumo, aumenta el cr\u00e9dito&#8230; y cae el desempleo. Situado en cifras a\u00fan desoladoras, se percibe cierta mejor\u00eda. Y eso, sin ministra de Trabajo.<\/p>\n<p>Es m\u00e1s, hasta el deporte espa\u00f1ol mejora su rendimiento con 17 esplendorosas medallas ol\u00edmpicas en R\u00edo de Janeiro, registro s\u00f3lo superado por el inalcalzable dato de Barcelona \u201892. Y eso, sin ministro de Deporte.<br \/>\nA ver si resulta que nos va a ir mejor sin gobierno que con \u00e9l. Dudas me surgen. <\/p>\n","protected":false},"excerpt":{"rendered":"<p>Vaya man\u00eda le ha entrado a todo el mundo con que se forme gobierno en Espa\u00f1a cuanto antes. Rajoy, S\u00e1nchez, Rivera e Iglesias andan todos afanados en lanzarse ocurrentes pullas veraniegas mientras otros les afean que no se pongan de acuerdo. Vale, me incluyo yo tambi\u00e9n&#8230; hasta ahora, que me desdigo.<\/p>\n","protected":false},"author":10,"featured_media":0,"comment_status":"open","ping_status":"open","sticky":false,"template":"","format":"standard","meta":[],"categories":[2,3],"tags":[],"_links":{"self":[{"href":"https:\/\/blogs.larioja.com\/esferadecristal\/wp-json\/wp\/v2\/posts\/342"}],"collection":[{"href":"https:\/\/blogs.larioja.com\/esferadecristal\/wp-json\/wp\/v2\/posts"}],"about":[{"href":"https:\/\/blogs.larioja.com\/esferadecristal\/wp-json\/wp\/v2\/types\/post"}],"author":[{"embeddable":true,"href":"https:\/\/blogs.larioja.com\/esferadecristal\/wp-json\/wp\/v2\/users\/10"}],"replies":[{"embeddable":true,"href":"https:\/\/blogs.larioja.com\/esferadecristal\/wp-json\/wp\/v2\/comments?post=342"}],"version-history":[{"count":0,"href":"https:\/\/blogs.larioja.com\/esferadecristal\/wp-json\/wp\/v2\/posts\/342\/revisions"}],"wp:attachment":[{"href":"https:\/\/blogs.larioja.com\/esferadecristal\/wp-json\/wp\/v2\/media?parent=342"}],"wp:term":[{"taxonomy":"category","embeddable":true,"href":"https:\/\/blogs.larioja.com\/esferadecristal\/wp-json\/wp\/v2\/categories?post=342"},{"taxonomy":"post_tag","embeddable":true,"href":"https:\/\/blogs.larioja.com\/esferadecristal\/wp-json\/wp\/v2\/tags?post=342"}],"curies":[{"name":"wp","href":"https:\/\/api.w.org\/{rel}","templated":true}]}}