{"id":343,"date":"2016-09-14T12:34:25","date_gmt":"2016-09-14T11:34:25","guid":{"rendered":"http:\/\/blogs.larioja.com\/esferadecristal\/?p=343"},"modified":"2016-09-14T12:34:25","modified_gmt":"2016-09-14T11:34:25","slug":"porca-realidad","status":"publish","type":"post","link":"https:\/\/blogs.larioja.com\/esferadecristal\/2016\/09\/14\/porca-realidad\/","title":{"rendered":"&#039;Porca&#039; realidad"},"content":{"rendered":"<p>Debe de haber alguien oculto que se ha propuesto provocar un estallido del pueblo. Una revoluci\u00f3n, al menos de mala leche. Si no, no es cre\u00edble que pase todo lo que estamos viendo sin que haya m\u00e1s movilizaci\u00f3n que la que se percibe en las redes sociales (y eso, como mucho, en tono de mofa). <\/p>\n<p><!--more--><\/p>\n<p>Y es que sin una explicaci\u00f3n descabellada cuestra trabajo asumir que lo que estamos viviendo sea real. Primero, que los pol\u00edticos que tenemos sean tan incapaces de negociar para formar un Gobierno, pero s\u00ed acuerdan \u2013aunque sea t\u00e1citamente\u2013 afrontar unas terceras elecciones, y encima en Navidad, para cachondeo del respetable (muchos ya se frotan las manos pensando en librarse de la comida familiar por ir a \u2018participar en la fiesta de la democracia\u2019). Porque la (previsible) existencia de unas terceras elecciones supone admitir que, en efecto, son unos in\u00fatiles que prefieren decirles a los ciudadanos que se han equivocado con su voto. Y ya no una vez, sino dos. Y parece que vamos camino de la tercera, ya ver\u00e1n.<\/p>\n<p>Justamente, como hizo David Cameron con el refer\u00e9ndum del \u2018brexit\u2019, cuando el \u2018premier\u2019 brit\u00e1nico omiti\u00f3 su responsabilidad y dej\u00f3 tama\u00f1a decisi\u00f3n en manos de la ciudadan\u00eda. Es decir, un antecedente poco alentador.<br \/>\nY mientras, asistimos a situaciones que no es que rocen el sainete, sino que lo degluten y lo excretan. Proponer al \u2018funcionario\u2019 Jos\u00e9 Manuel Soria como representante espa\u00f1ol al Banco Mundial suena tan absurdo como si en una realidad alternativa siquiera se debatiera que un condenado e inhabilitado por delitos de terrorismo concurriera en unas elecciones democr\u00e1ticas. <\/p>\n<p>\u00a1Ah! Que eso tambi\u00e9n est\u00e1 pasando&#8230; \u00a1\u2018Porca miseria\u2019!<\/p>\n","protected":false},"excerpt":{"rendered":"<p>Debe de haber alguien oculto que se ha propuesto provocar un estallido del pueblo. Una revoluci\u00f3n, al menos de mala leche. Si no, no es cre\u00edble que pase todo lo que estamos viendo sin que haya m\u00e1s movilizaci\u00f3n que la que se percibe en las redes sociales (y eso, como mucho, en tono de mofa).<\/p>\n","protected":false},"author":10,"featured_media":0,"comment_status":"open","ping_status":"open","sticky":false,"template":"","format":"standard","meta":[],"categories":[2,3],"tags":[],"_links":{"self":[{"href":"https:\/\/blogs.larioja.com\/esferadecristal\/wp-json\/wp\/v2\/posts\/343"}],"collection":[{"href":"https:\/\/blogs.larioja.com\/esferadecristal\/wp-json\/wp\/v2\/posts"}],"about":[{"href":"https:\/\/blogs.larioja.com\/esferadecristal\/wp-json\/wp\/v2\/types\/post"}],"author":[{"embeddable":true,"href":"https:\/\/blogs.larioja.com\/esferadecristal\/wp-json\/wp\/v2\/users\/10"}],"replies":[{"embeddable":true,"href":"https:\/\/blogs.larioja.com\/esferadecristal\/wp-json\/wp\/v2\/comments?post=343"}],"version-history":[{"count":0,"href":"https:\/\/blogs.larioja.com\/esferadecristal\/wp-json\/wp\/v2\/posts\/343\/revisions"}],"wp:attachment":[{"href":"https:\/\/blogs.larioja.com\/esferadecristal\/wp-json\/wp\/v2\/media?parent=343"}],"wp:term":[{"taxonomy":"category","embeddable":true,"href":"https:\/\/blogs.larioja.com\/esferadecristal\/wp-json\/wp\/v2\/categories?post=343"},{"taxonomy":"post_tag","embeddable":true,"href":"https:\/\/blogs.larioja.com\/esferadecristal\/wp-json\/wp\/v2\/tags?post=343"}],"curies":[{"name":"wp","href":"https:\/\/api.w.org\/{rel}","templated":true}]}}