{"id":344,"date":"2016-09-28T09:55:41","date_gmt":"2016-09-28T08:55:41","guid":{"rendered":"http:\/\/blogs.larioja.com\/esferadecristal\/?p=344"},"modified":"2016-09-28T09:55:41","modified_gmt":"2016-09-28T08:55:41","slug":"en-fiestas","status":"publish","type":"post","link":"https:\/\/blogs.larioja.com\/esferadecristal\/2016\/09\/28\/en-fiestas\/","title":{"rendered":"En fiestas"},"content":{"rendered":"<p>Llega San Mateo y me caliento. No puedo evitarlo. Y siento l\u00e1stima, nostalgia m\u00e1s bien. No voy a entrar en las cr\u00edticas a la programaci\u00f3n musical, que est\u00e1 muy manoseado el tema. Tampoco azotar\u00e9 al Ayuntamiento por la calidad de algunas propuestas, porque s\u00e9 de buena tinta que el presupuesto da para lo que da. Y lo entiendo, de veras. En esto de la organizaci\u00f3n de las fiestas, pasa como con los entrenadores de f\u00fatbol: todos sabemos mucho m\u00e1s quien se ocupa de ello.<br \/>\n<!--more--><br \/>\nPero s\u00ed que me voy a venir arriba para que hoy, d\u00eda 21 de septiembre, San Mateo, quien corresponda se plantee un par de preguntas.<br \/>\nPorque \u00bfde verdad quiere hacernos creer el Ayuntamiento (sea el que sea, porque lo han hecho todos) que, cambiando casi cada a\u00f1o las fechas de las fiestas, animan a que la gente se acerque a (o se quede en) Logro\u00f1o? Por cierto, el argumento de que los hosteleros as\u00ed lo prefieren no es v\u00e1lido. Deber\u00eda ser una cuesti\u00f3n decidida mayoritariamente por todos los logro\u00f1eses, y no solo por un sector de negocio. Claro, que seguro que el gremio de las agencias de viajes tambi\u00e9n prefiere la \u2018maravillosa idea\u2019 de la semana natural&#8230; \u00bfAlguien se imagina que los Sanfermines o las Fallas cambien de fecha por el capricho de unos pocos?<br \/>\nAsimismo, llevamos a\u00f1os discutiendo (con reminiscencias pol\u00edticas incluidas) sobre si el color del pa\u00f1uelo es rojo, vino o azul, como si eso fuera lo principal de las fiestas. \u00bfSe ofende alguien por que el respetable luzca un pa\u00f1uelo, digamos, amarillo fosforito?<br \/>\nMantengamos, pues, estas tradicionales pol\u00e9micas tan logro\u00f1esas y dejemos que hoy nos imbuya el esp\u00edritu del santo, que al fin y al cabo, s\u00f3lo se celebra una vez al a\u00f1o: \u00a1Viva San Mateo!<\/p>\n","protected":false},"excerpt":{"rendered":"<p>Llega San Mateo y me caliento. No puedo evitarlo. Y siento l\u00e1stima, nostalgia m\u00e1s bien. No voy a entrar en las cr\u00edticas a la programaci\u00f3n musical, que est\u00e1 muy manoseado el tema. Tampoco azotar\u00e9 al Ayuntamiento por la calidad de algunas propuestas, porque s\u00e9 de buena tinta que el presupuesto da para lo que da. [&hellip;]<\/p>\n","protected":false},"author":10,"featured_media":0,"comment_status":"open","ping_status":"open","sticky":false,"template":"","format":"standard","meta":[],"categories":[2,3],"tags":[],"_links":{"self":[{"href":"https:\/\/blogs.larioja.com\/esferadecristal\/wp-json\/wp\/v2\/posts\/344"}],"collection":[{"href":"https:\/\/blogs.larioja.com\/esferadecristal\/wp-json\/wp\/v2\/posts"}],"about":[{"href":"https:\/\/blogs.larioja.com\/esferadecristal\/wp-json\/wp\/v2\/types\/post"}],"author":[{"embeddable":true,"href":"https:\/\/blogs.larioja.com\/esferadecristal\/wp-json\/wp\/v2\/users\/10"}],"replies":[{"embeddable":true,"href":"https:\/\/blogs.larioja.com\/esferadecristal\/wp-json\/wp\/v2\/comments?post=344"}],"version-history":[{"count":0,"href":"https:\/\/blogs.larioja.com\/esferadecristal\/wp-json\/wp\/v2\/posts\/344\/revisions"}],"wp:attachment":[{"href":"https:\/\/blogs.larioja.com\/esferadecristal\/wp-json\/wp\/v2\/media?parent=344"}],"wp:term":[{"taxonomy":"category","embeddable":true,"href":"https:\/\/blogs.larioja.com\/esferadecristal\/wp-json\/wp\/v2\/categories?post=344"},{"taxonomy":"post_tag","embeddable":true,"href":"https:\/\/blogs.larioja.com\/esferadecristal\/wp-json\/wp\/v2\/tags?post=344"}],"curies":[{"name":"wp","href":"https:\/\/api.w.org\/{rel}","templated":true}]}}