{"id":384,"date":"2019-03-04T11:17:19","date_gmt":"2019-03-04T10:17:19","guid":{"rendered":"https:\/\/blogs.larioja.com\/esferadecristal\/?p=384"},"modified":"2019-02-26T11:19:16","modified_gmt":"2019-02-26T10:19:16","slug":"vamos-a-contar","status":"publish","type":"post","link":"https:\/\/blogs.larioja.com\/esferadecristal\/2019\/03\/04\/vamos-a-contar\/","title":{"rendered":"Vamos a contar"},"content":{"rendered":"<p>Hace m\u00e1s de cuarenta a\u00f1os que desapareci\u00f3 el <strong>dictador Franco<\/strong> y con \u00e9l, muchas prohibiciones que coartaban las <strong>libertades ciudadanas<\/strong>. Desde entonces, en ninguna de las \u00a1doce! legislaturas que ha vivido la sociedad espa\u00f1ola se ha acometido una de las medidas m\u00e1s sencillas de adoptar y a la par, m\u00e1s dif\u00edciles de acordar.<\/p>\n<p>En estas d\u00e9cadas, as\u00ed a bote pronto, se me ocurre contabilizar al menos <strong>dos manifestaciones fijas<\/strong> al a\u00f1o: la del 8 de marzo, d\u00eda de la mujer; y la del 1 de mayo, d\u00eda del Trabajo. Esas, sin buscar. Y luego, habr\u00eda que tener en cuenta todas las movilizaciones, marchas o protestas que el discurrir de la actualidad va generando, que no son pocas; ya sea por ejemplo una concentraci\u00f3n de repulsa por un asesinato machista, ya sea un desfile reivindicativo del <strong>orgullo gay<\/strong>.<\/p>\n<p>Bueno, pues en todas esas <strong>manifestaciones, movilizaciones y concentraciones<\/strong> se da siempre la misma paradoja: nunca se sabe con certeza el n\u00famero de asistentes. Es indiferente que sean o no masivas. Da igual treinta que trescientos mil. Y tampoco importa si son pol\u00e9micas o no.<\/p>\n<p>El caso es que en m\u00e1s de <strong>cuarenta a\u00f1os de movilizaciones<\/strong> de toda \u00edndole no disponemos (nadie) de una herramienta fiable que contribuya a esparcir un poco de paz al menos a la hora de contabilizar asistentes a una manifestaci\u00f3n. Y eso suscita que los medios, por ejemplo, nos veamos obligados a titular con generalidades rid\u00edculas como \u00abmiles de personas\u00bb o \u00abuna marea humana\u00bb para <strong>contar eventos como el del domingo<\/strong>.<\/p>\n<p>Por eso, ser\u00eda deseable instar a los gobernantes a consensuar de una vez por todas un criterio general y \u00fanico. Para que uno y uno sumen realmente dos. Y no medio mill\u00f3n. O un cuarto.<\/p>\n","protected":false},"excerpt":{"rendered":"<p>Hace m\u00e1s de cuarenta a\u00f1os que desapareci\u00f3 el dictador Franco y con \u00e9l, muchas prohibiciones que coartaban las libertades ciudadanas. Desde entonces, en ninguna de las \u00a1doce! legislaturas que ha vivido la sociedad espa\u00f1ola se ha acometido una de las medidas m\u00e1s sencillas de adoptar y a la par, m\u00e1s dif\u00edciles de acordar. En estas [&hellip;]<\/p>\n","protected":false},"author":10,"featured_media":0,"comment_status":"open","ping_status":"open","sticky":false,"template":"","format":"standard","meta":[],"categories":[2,3],"tags":[],"_links":{"self":[{"href":"https:\/\/blogs.larioja.com\/esferadecristal\/wp-json\/wp\/v2\/posts\/384"}],"collection":[{"href":"https:\/\/blogs.larioja.com\/esferadecristal\/wp-json\/wp\/v2\/posts"}],"about":[{"href":"https:\/\/blogs.larioja.com\/esferadecristal\/wp-json\/wp\/v2\/types\/post"}],"author":[{"embeddable":true,"href":"https:\/\/blogs.larioja.com\/esferadecristal\/wp-json\/wp\/v2\/users\/10"}],"replies":[{"embeddable":true,"href":"https:\/\/blogs.larioja.com\/esferadecristal\/wp-json\/wp\/v2\/comments?post=384"}],"version-history":[{"count":1,"href":"https:\/\/blogs.larioja.com\/esferadecristal\/wp-json\/wp\/v2\/posts\/384\/revisions"}],"predecessor-version":[{"id":385,"href":"https:\/\/blogs.larioja.com\/esferadecristal\/wp-json\/wp\/v2\/posts\/384\/revisions\/385"}],"wp:attachment":[{"href":"https:\/\/blogs.larioja.com\/esferadecristal\/wp-json\/wp\/v2\/media?parent=384"}],"wp:term":[{"taxonomy":"category","embeddable":true,"href":"https:\/\/blogs.larioja.com\/esferadecristal\/wp-json\/wp\/v2\/categories?post=384"},{"taxonomy":"post_tag","embeddable":true,"href":"https:\/\/blogs.larioja.com\/esferadecristal\/wp-json\/wp\/v2\/tags?post=384"}],"curies":[{"name":"wp","href":"https:\/\/api.w.org\/{rel}","templated":true}]}}