{"id":1366,"date":"2018-09-16T09:00:20","date_gmt":"2018-09-16T07:00:20","guid":{"rendered":"http:\/\/blogs.larioja.com\/ganas-de-vivir\/?p=1366"},"modified":"2018-09-16T21:58:21","modified_gmt":"2018-09-16T19:58:21","slug":"potenciando-la-autoestima-de-los-ninos","status":"publish","type":"post","link":"https:\/\/blogs.larioja.com\/ganas-de-vivir\/2018\/09\/16\/potenciando-la-autoestima-de-los-ninos\/","title":{"rendered":"Potenciando la autoestima de los ni\u00f1os"},"content":{"rendered":"<p><a href=\"https:\/\/static-blogs.larioja.com\/wp-content\/uploads\/sites\/48\/2018\/09\/autoestima.jpg\"><img loading=\"lazy\" class=\"alignnone size-medium wp-image-1367\" src=\"https:\/\/static-blogs.larioja.com\/wp-content\/uploads\/sites\/48\/2018\/09\/autoestima-300x300.jpg\" alt=\"autoestima\" width=\"300\" height=\"300\" srcset=\"https:\/\/static-blogs.larioja.com\/wp-content\/uploads\/sites\/48\/2018\/09\/autoestima-300x300.jpg 300w, https:\/\/static-blogs.larioja.com\/wp-content\/uploads\/sites\/48\/2018\/09\/autoestima-150x150.jpg 150w, https:\/\/static-blogs.larioja.com\/wp-content\/uploads\/sites\/48\/2018\/09\/autoestima-768x768.jpg 768w, https:\/\/static-blogs.larioja.com\/wp-content\/uploads\/sites\/48\/2018\/09\/autoestima.jpg 1024w\" sizes=\"(max-width: 300px) 100vw, 300px\" \/><\/a><\/p>\n<p>&nbsp;<\/p>\n<p><span style=\"text-decoration: underline;\"><strong>\u00bfQu\u00e9 es la autoestima?\u00a0<\/strong><\/span><\/p>\n<p>Es un espejo de la realidad que nos muestra c\u00f3mo somos, qu\u00e9 habilidades tenemos y c\u00f3mo nos desarrollamos en el mundo.<\/p>\n<p>La autoestima marca el desarrollo del ni\u00f1o y es un\u00a0elemento b\u00e1sico en su formaci\u00f3n. Un ni\u00f1o con autoestima se sentir\u00e1 bien consigo mismo y explorar\u00e1 su entorno mejor.<\/p>\n<p>El rol de la familia es fundamental en el proceso del desarrollo de la autoestima.<\/p>\n<p>&nbsp;<\/p>\n<p><span style=\"text-decoration: underline;\"><strong>\u00bfC\u00f3mo potenciar su autoestima?<\/strong><\/span><\/p>\n<p>&nbsp;<\/p>\n<p>&nbsp;<\/p>\n<p>Motiva a los ni\u00f1os para que hagan diferentes actividades y plantea desaf\u00edos para ellos.<\/p>\n<p>Destaca las virtudes de los ni\u00f1os.<\/p>\n<p>Felicita acciones concretas para as\u00ed fomentar sus avances.<\/p>\n<p>Habla cuando cometan un error para que as\u00ed puedan sacar aprendizaje de la situaci\u00f3n.<\/p>\n<p>Ens\u00e9\u00f1ales que todos somos distintos y que todos somos especiales.<\/p>\n<p>S\u00e9 emp\u00e1tico con ellos.<\/p>\n<p>&nbsp;<\/p>\n<p><a href=\"https:\/\/static-blogs.larioja.com\/wp-content\/uploads\/sites\/48\/2018\/09\/ni\u00f1os-2.jpg\"><img loading=\"lazy\" class=\"alignnone size-full wp-image-1369\" src=\"https:\/\/static-blogs.larioja.com\/wp-content\/uploads\/sites\/48\/2018\/09\/ni\u00f1os-2.jpg\" alt=\"ninos-2\" width=\"282\" height=\"179\" \/><\/a><\/p>\n<p>&nbsp;<\/p>\n","protected":false},"excerpt":{"rendered":"<p>&nbsp; \u00bfQu\u00e9 es la autoestima?\u00a0 Es un espejo de la realidad que nos muestra c\u00f3mo somos, qu\u00e9 habilidades tenemos y c\u00f3mo nos desarrollamos en el mundo. La autoestima marca el desarrollo del ni\u00f1o y es un\u00a0elemento b\u00e1sico en su formaci\u00f3n. Un ni\u00f1o con autoestima se sentir\u00e1 bien consigo mismo y explorar\u00e1 su entorno mejor. El [&hellip;]<\/p>\n","protected":false},"author":50,"featured_media":0,"comment_status":"open","ping_status":"closed","sticky":false,"template":"","format":"standard","meta":[],"categories":[1],"tags":[],"_links":{"self":[{"href":"https:\/\/blogs.larioja.com\/ganas-de-vivir\/wp-json\/wp\/v2\/posts\/1366"}],"collection":[{"href":"https:\/\/blogs.larioja.com\/ganas-de-vivir\/wp-json\/wp\/v2\/posts"}],"about":[{"href":"https:\/\/blogs.larioja.com\/ganas-de-vivir\/wp-json\/wp\/v2\/types\/post"}],"author":[{"embeddable":true,"href":"https:\/\/blogs.larioja.com\/ganas-de-vivir\/wp-json\/wp\/v2\/users\/50"}],"replies":[{"embeddable":true,"href":"https:\/\/blogs.larioja.com\/ganas-de-vivir\/wp-json\/wp\/v2\/comments?post=1366"}],"version-history":[{"count":3,"href":"https:\/\/blogs.larioja.com\/ganas-de-vivir\/wp-json\/wp\/v2\/posts\/1366\/revisions"}],"predecessor-version":[{"id":1371,"href":"https:\/\/blogs.larioja.com\/ganas-de-vivir\/wp-json\/wp\/v2\/posts\/1366\/revisions\/1371"}],"wp:attachment":[{"href":"https:\/\/blogs.larioja.com\/ganas-de-vivir\/wp-json\/wp\/v2\/media?parent=1366"}],"wp:term":[{"taxonomy":"category","embeddable":true,"href":"https:\/\/blogs.larioja.com\/ganas-de-vivir\/wp-json\/wp\/v2\/categories?post=1366"},{"taxonomy":"post_tag","embeddable":true,"href":"https:\/\/blogs.larioja.com\/ganas-de-vivir\/wp-json\/wp\/v2\/tags?post=1366"}],"curies":[{"name":"wp","href":"https:\/\/api.w.org\/{rel}","templated":true}]}}