{"id":1372,"date":"2018-09-23T09:47:02","date_gmt":"2018-09-23T07:47:02","guid":{"rendered":"http:\/\/blogs.larioja.com\/ganas-de-vivir\/?p=1372"},"modified":"2018-09-22T17:58:54","modified_gmt":"2018-09-22T15:58:54","slug":"mejorando-la-comunicacion-con-los-enfermos-de-alzheimer","status":"publish","type":"post","link":"https:\/\/blogs.larioja.com\/ganas-de-vivir\/2018\/09\/23\/mejorando-la-comunicacion-con-los-enfermos-de-alzheimer\/","title":{"rendered":"Mejorando la comunicaci\u00f3n con los enfermos de Alzheimer"},"content":{"rendered":"<p><a href=\"https:\/\/static-blogs.larioja.com\/wp-content\/uploads\/sites\/48\/2018\/09\/comunicaci\u00f3n-2.jpg\"><img loading=\"lazy\" class=\"alignnone size-medium wp-image-1373\" src=\"https:\/\/static-blogs.larioja.com\/wp-content\/uploads\/sites\/48\/2018\/09\/comunicaci\u00f3n-2-300x168.jpg\" alt=\"comunicacion-2\" width=\"300\" height=\"168\" \/><\/a><\/p>\n<p>&nbsp;<\/p>\n<p>En alguna ocasi\u00f3n, he escrito alg\u00fan post sobre la <strong>&#8220;enfermedad de Alzheimer<\/strong>&#8220;.<\/p>\n<p>Desde aqu\u00ed, mando todo mi apoyo a las familias que sufren y afrontan con valent\u00eda la enfermedad de alg\u00fan ser querido.<\/p>\n<p>El pasado viernes 21 de septiembre fue el &#8220;D\u00eda del Alzheimer&#8221; y todos debemos ser conscientes de la problem\u00e1tica que supone e intentar aportar nuestro granito de arena.<\/p>\n<p>&nbsp;<\/p>\n<p><span style=\"text-decoration: underline;\"><strong>\u00bfC\u00f3mo comunicarnos mejor con los enfermos de Alzheimer?<\/strong><\/span><\/p>\n<p>&nbsp;<\/p>\n<p>Busca espacios y tiempos correctos\u00a0para optimizar la comunicaci\u00f3n.<\/p>\n<p>Pres\u00e9ntate, dado que es posible que no te reconozca.<\/p>\n<p>Mira a los ojos y sit\u00faate delante para facilitar la comunicaci\u00f3n.<\/p>\n<p>Usa el humor y disfruta de cada momento con ellos.<\/p>\n<p>Habla despacio y vocaliza.<\/p>\n<p>Utiliza la comunicaci\u00f3n no verbal para complementar el mensaje.<\/p>\n<p>Formula frases sencillas y usa lenguaje coloquial.<\/p>\n<p>Ten paciencia y utiliza un tono adecuado.<\/p>\n<p>No grites ni castigues.<\/p>\n<p>Evita preguntas que impliquen recordar, dado que puede frustrarse.<\/p>\n<p>&nbsp;<\/p>\n<p><a href=\"https:\/\/static-blogs.larioja.com\/wp-content\/uploads\/sites\/48\/2018\/09\/comunicaci\u00f3n.jpg\"><img loading=\"lazy\" class=\"alignnone size-medium wp-image-1374\" src=\"https:\/\/static-blogs.larioja.com\/wp-content\/uploads\/sites\/48\/2018\/09\/comunicaci\u00f3n-300x158.jpg\" alt=\"comunicacion\" width=\"300\" height=\"158\" srcset=\"https:\/\/static-blogs.larioja.com\/wp-content\/uploads\/sites\/48\/2018\/09\/comunicaci\u00f3n-300x158.jpg 300w, https:\/\/static-blogs.larioja.com\/wp-content\/uploads\/sites\/48\/2018\/09\/comunicaci\u00f3n.jpg 310w\" sizes=\"(max-width: 300px) 100vw, 300px\" \/><\/a><\/p>\n<p>&nbsp;<\/p>\n<p>&#8220;El cari\u00f1o es la mejor terapia&#8221; #Cari\u00f1o #Comprensi\u00f3n #Tolerancia<\/p>\n<p>#Fortaleza #GanasdeAyudar<\/p>\n","protected":false},"excerpt":{"rendered":"<p>&nbsp; En alguna ocasi\u00f3n, he escrito alg\u00fan post sobre la &#8220;enfermedad de Alzheimer&#8220;. Desde aqu\u00ed, mando todo mi apoyo a las familias que sufren y afrontan con valent\u00eda la enfermedad de alg\u00fan ser querido. El pasado viernes 21 de septiembre fue el &#8220;D\u00eda del Alzheimer&#8221; y todos debemos ser conscientes de la problem\u00e1tica que supone [&hellip;]<\/p>\n","protected":false},"author":50,"featured_media":0,"comment_status":"open","ping_status":"closed","sticky":false,"template":"","format":"standard","meta":[],"categories":[1],"tags":[],"_links":{"self":[{"href":"https:\/\/blogs.larioja.com\/ganas-de-vivir\/wp-json\/wp\/v2\/posts\/1372"}],"collection":[{"href":"https:\/\/blogs.larioja.com\/ganas-de-vivir\/wp-json\/wp\/v2\/posts"}],"about":[{"href":"https:\/\/blogs.larioja.com\/ganas-de-vivir\/wp-json\/wp\/v2\/types\/post"}],"author":[{"embeddable":true,"href":"https:\/\/blogs.larioja.com\/ganas-de-vivir\/wp-json\/wp\/v2\/users\/50"}],"replies":[{"embeddable":true,"href":"https:\/\/blogs.larioja.com\/ganas-de-vivir\/wp-json\/wp\/v2\/comments?post=1372"}],"version-history":[{"count":4,"href":"https:\/\/blogs.larioja.com\/ganas-de-vivir\/wp-json\/wp\/v2\/posts\/1372\/revisions"}],"predecessor-version":[{"id":1380,"href":"https:\/\/blogs.larioja.com\/ganas-de-vivir\/wp-json\/wp\/v2\/posts\/1372\/revisions\/1380"}],"wp:attachment":[{"href":"https:\/\/blogs.larioja.com\/ganas-de-vivir\/wp-json\/wp\/v2\/media?parent=1372"}],"wp:term":[{"taxonomy":"category","embeddable":true,"href":"https:\/\/blogs.larioja.com\/ganas-de-vivir\/wp-json\/wp\/v2\/categories?post=1372"},{"taxonomy":"post_tag","embeddable":true,"href":"https:\/\/blogs.larioja.com\/ganas-de-vivir\/wp-json\/wp\/v2\/tags?post=1372"}],"curies":[{"name":"wp","href":"https:\/\/api.w.org\/{rel}","templated":true}]}}