{"id":1461,"date":"2018-12-02T12:28:24","date_gmt":"2018-12-02T11:28:24","guid":{"rendered":"https:\/\/blogs.larioja.com\/ganas-de-vivir\/?p=1461"},"modified":"2018-12-02T12:29:41","modified_gmt":"2018-12-02T11:29:41","slug":"es-la-propia-musica-una-terapia","status":"publish","type":"post","link":"https:\/\/blogs.larioja.com\/ganas-de-vivir\/2018\/12\/02\/es-la-propia-musica-una-terapia\/","title":{"rendered":"\u00bfEs la propia m\u00fasica una terapia?"},"content":{"rendered":"<p>Desde que nacemos, reaccionamos a ritmos alegres o melanc\u00f3licos. A trav\u00e9s de la m\u00fasica nos expresamos, por lo que puede mejorar la salud f\u00edsica y mental de personas con diferentes problem\u00e1ticas.<\/p>\n<p>A trav\u00e9s de la musicoterapia, utilizamos dicha m\u00fasica como fuente de comunicaci\u00f3n para ir avanzando en la terapia e intentar alcanzar los objetivos prefijados tras el diagn\u00f3stico.<\/p>\n<p><strong><u>Aplicaciones<\/u><\/strong><\/p>\n<p>*Desarrollo del crecimiento personal.<\/p>\n<p>*Aplicaci\u00f3n en las T\u00e9cnicas de modificaci\u00f3n de conducta.<\/p>\n<p>*Tratamiento del dolor.<\/p>\n<p>*Fomento de la expresi\u00f3n y comunicaci\u00f3n de sentimientos.<\/p>\n<p>*Mejora de la relaci\u00f3n con otras personas.<\/p>\n<p>*Se experimentan mejor\u00edas en los trastornos del lenguaje (Cantar canciones es m\u00e1s f\u00e1cil que hablar, en algunas ocasiones).<\/p>\n<p>&nbsp;<\/p>\n<p>La m\u00fasica siempre debe ir acompa\u00f1ada de Terapia Psicol\u00f3gica en caso de que el diagn\u00f3stico lo requiera.<\/p>\n<p>Sabemos que, a trav\u00e9s de la m\u00fasica, se avanza y nos encanta trabajar con ella.<\/p>\n","protected":false},"excerpt":{"rendered":"<p>Desde que nacemos, reaccionamos a ritmos alegres o melanc\u00f3licos. A trav\u00e9s de la m\u00fasica nos expresamos, por lo que puede mejorar la salud f\u00edsica y mental de personas con diferentes problem\u00e1ticas. A trav\u00e9s de la musicoterapia, utilizamos dicha m\u00fasica como fuente de comunicaci\u00f3n para ir avanzando en la terapia e intentar alcanzar los objetivos prefijados [&hellip;]<\/p>\n","protected":false},"author":50,"featured_media":1462,"comment_status":"open","ping_status":"closed","sticky":false,"template":"","format":"standard","meta":[],"categories":[1],"tags":[20,19,21],"_links":{"self":[{"href":"https:\/\/blogs.larioja.com\/ganas-de-vivir\/wp-json\/wp\/v2\/posts\/1461"}],"collection":[{"href":"https:\/\/blogs.larioja.com\/ganas-de-vivir\/wp-json\/wp\/v2\/posts"}],"about":[{"href":"https:\/\/blogs.larioja.com\/ganas-de-vivir\/wp-json\/wp\/v2\/types\/post"}],"author":[{"embeddable":true,"href":"https:\/\/blogs.larioja.com\/ganas-de-vivir\/wp-json\/wp\/v2\/users\/50"}],"replies":[{"embeddable":true,"href":"https:\/\/blogs.larioja.com\/ganas-de-vivir\/wp-json\/wp\/v2\/comments?post=1461"}],"version-history":[{"count":1,"href":"https:\/\/blogs.larioja.com\/ganas-de-vivir\/wp-json\/wp\/v2\/posts\/1461\/revisions"}],"predecessor-version":[{"id":1463,"href":"https:\/\/blogs.larioja.com\/ganas-de-vivir\/wp-json\/wp\/v2\/posts\/1461\/revisions\/1463"}],"wp:featuredmedia":[{"embeddable":true,"href":"https:\/\/blogs.larioja.com\/ganas-de-vivir\/wp-json\/wp\/v2\/media\/1462"}],"wp:attachment":[{"href":"https:\/\/blogs.larioja.com\/ganas-de-vivir\/wp-json\/wp\/v2\/media?parent=1461"}],"wp:term":[{"taxonomy":"category","embeddable":true,"href":"https:\/\/blogs.larioja.com\/ganas-de-vivir\/wp-json\/wp\/v2\/categories?post=1461"},{"taxonomy":"post_tag","embeddable":true,"href":"https:\/\/blogs.larioja.com\/ganas-de-vivir\/wp-json\/wp\/v2\/tags?post=1461"}],"curies":[{"name":"wp","href":"https:\/\/api.w.org\/{rel}","templated":true}]}}