{"id":1523,"date":"2019-01-27T11:37:09","date_gmt":"2019-01-27T10:37:09","guid":{"rendered":"https:\/\/blogs.larioja.com\/ganas-de-vivir\/?p=1523"},"modified":"2019-01-27T11:45:21","modified_gmt":"2019-01-27T10:45:21","slug":"claves-para-afrontar-el-duelo","status":"publish","type":"post","link":"https:\/\/blogs.larioja.com\/ganas-de-vivir\/2019\/01\/27\/claves-para-afrontar-el-duelo\/","title":{"rendered":"Claves para afrontar el duelo"},"content":{"rendered":"<p>Perder a un ser querido es un episodio doloroso y traum\u00e1tico y es importante afrontar correctamente esa etapa del duelo, para as\u00ed superar la p\u00e9rdida.<br \/>\nAunque es un proceso muy personal y cada uno lo vive de una manera, es importante seguir varias pautas, de cara a afrontarlo de un modo m\u00e1s adaptativo.<br \/>\nLa duraci\u00f3n \u201cnormal\u201d del duelo, suele ser de entre seis meses y un a\u00f1o, aunque en algunas ocasiones, se puede prolongar m\u00e1s dicho tiempo.<\/p>\n<p><strong>\u00bfQu\u00e9 consejos podemos dar para afrontar el duelo?<\/strong><br \/>\n*Aceptar los sentimientos y atravesarlos a lo largo del duelo, sin juzgarnos.<br \/>\n*Rodearnos de personas que sepan apoyarnos. Es importante buscar a gente de nuestro entorno y no encerrarnos en nosotros mismos.<br \/>\n*Cuidar nuestra salud. Buena alimentaci\u00f3n, ejercicio f\u00edsico y descansar las horas adecuadas, son pautas \u00fatiles para as\u00ed cuidar nuestra salud f\u00edsica y emocional.<br \/>\n*Recordar los buenos momentos y as\u00ed poder guardar una imagen m\u00e1s positiva.<br \/>\n*Acudir a un psic\u00f3logo, dado que, en ese proceso de duelo, hay que reinterpretar emociones y pensamientos y podemos dar herramientas adaptadas a cada situaci\u00f3n espec\u00edfica.<\/p>\n<p>#NuncaTeRindas<br \/>\n#D\u00e9jateAyudar<\/p>\n","protected":false},"excerpt":{"rendered":"<p>Perder a un ser querido es un episodio doloroso y traum\u00e1tico y es importante afrontar correctamente esa etapa del duelo, para as\u00ed superar la p\u00e9rdida. Aunque es un proceso muy personal y cada uno lo vive de una manera, es importante seguir varias pautas, de cara a afrontarlo de un modo m\u00e1s adaptativo. La duraci\u00f3n [&hellip;]<\/p>\n","protected":false},"author":50,"featured_media":0,"comment_status":"open","ping_status":"closed","sticky":false,"template":"","format":"standard","meta":[],"categories":[1],"tags":[],"_links":{"self":[{"href":"https:\/\/blogs.larioja.com\/ganas-de-vivir\/wp-json\/wp\/v2\/posts\/1523"}],"collection":[{"href":"https:\/\/blogs.larioja.com\/ganas-de-vivir\/wp-json\/wp\/v2\/posts"}],"about":[{"href":"https:\/\/blogs.larioja.com\/ganas-de-vivir\/wp-json\/wp\/v2\/types\/post"}],"author":[{"embeddable":true,"href":"https:\/\/blogs.larioja.com\/ganas-de-vivir\/wp-json\/wp\/v2\/users\/50"}],"replies":[{"embeddable":true,"href":"https:\/\/blogs.larioja.com\/ganas-de-vivir\/wp-json\/wp\/v2\/comments?post=1523"}],"version-history":[{"count":1,"href":"https:\/\/blogs.larioja.com\/ganas-de-vivir\/wp-json\/wp\/v2\/posts\/1523\/revisions"}],"predecessor-version":[{"id":1524,"href":"https:\/\/blogs.larioja.com\/ganas-de-vivir\/wp-json\/wp\/v2\/posts\/1523\/revisions\/1524"}],"wp:attachment":[{"href":"https:\/\/blogs.larioja.com\/ganas-de-vivir\/wp-json\/wp\/v2\/media?parent=1523"}],"wp:term":[{"taxonomy":"category","embeddable":true,"href":"https:\/\/blogs.larioja.com\/ganas-de-vivir\/wp-json\/wp\/v2\/categories?post=1523"},{"taxonomy":"post_tag","embeddable":true,"href":"https:\/\/blogs.larioja.com\/ganas-de-vivir\/wp-json\/wp\/v2\/tags?post=1523"}],"curies":[{"name":"wp","href":"https:\/\/api.w.org\/{rel}","templated":true}]}}