{"id":1531,"date":"2019-02-10T10:56:41","date_gmt":"2019-02-10T09:56:41","guid":{"rendered":"https:\/\/blogs.larioja.com\/ganas-de-vivir\/?p=1531"},"modified":"2019-02-10T10:56:41","modified_gmt":"2019-02-10T09:56:41","slug":"el-arte-como-terapia","status":"publish","type":"post","link":"https:\/\/blogs.larioja.com\/ganas-de-vivir\/2019\/02\/10\/el-arte-como-terapia\/","title":{"rendered":"El arte como Terapia"},"content":{"rendered":"<p>&nbsp;<\/p>\n<p><a href=\"https:\/\/static-blogs.larioja.com\/wp-content\/uploads\/sites\/48\/2019\/02\/flores.jpg\"><img loading=\"lazy\" class=\"alignnone size-medium wp-image-1534\" src=\"https:\/\/static-blogs.larioja.com\/wp-content\/uploads\/sites\/48\/2019\/02\/flores-300x200.jpg\" alt=\"flores\" width=\"300\" height=\"200\" srcset=\"https:\/\/static-blogs.larioja.com\/wp-content\/uploads\/sites\/48\/2019\/02\/flores-300x200.jpg 300w, https:\/\/static-blogs.larioja.com\/wp-content\/uploads\/sites\/48\/2019\/02\/flores.jpg 640w\" sizes=\"(max-width: 300px) 100vw, 300px\" \/><\/a><\/p>\n<p>&nbsp;<\/p>\n<p>El arte es terap\u00e9utico y se utiliza como medio de expresi\u00f3n y exploraci\u00f3n.<\/p>\n<p>Puede servirnos como herramienta de autoconocimiento y su poder simb\u00f3lico, nos permite entrar en las profundidades de nuestro mundo interno y alcanzar l\u00edmites que la palabra no alcanza.<\/p>\n<p>A trav\u00e9s de Arteterapia, podemos integrar y comprender la experiencia y descifrar el significado de nuestras emociones y sensaciones.<\/p>\n<p>&nbsp;<\/p>\n<p><strong>\u00bfCu\u00e1les son los beneficios terap\u00e9uticos del uso de la arcilla y la plastilina?<\/strong><\/p>\n<p>Trae recuerdos ancestrales de expresi\u00f3n y comunicaci\u00f3n y si analizamos los primeros modos de comunicaci\u00f3n del beb\u00e9, encontraremos el contacto t\u00e1ctil como la clave de dichos momentos.<\/p>\n<p>Las emociones afloran, dado que la arcilla es cat\u00e1rtica por naturaleza.<\/p>\n<p>&nbsp;<\/p>\n<p><a href=\"https:\/\/static-blogs.larioja.com\/wp-content\/uploads\/sites\/48\/2019\/02\/p\u00e1jaros.jpg\"><img loading=\"lazy\" class=\"alignnone size-full wp-image-1535\" src=\"https:\/\/static-blogs.larioja.com\/wp-content\/uploads\/sites\/48\/2019\/02\/p\u00e1jaros.jpg\" alt=\"pajaros\" width=\"236\" height=\"235\" srcset=\"https:\/\/static-blogs.larioja.com\/wp-content\/uploads\/sites\/48\/2019\/02\/p\u00e1jaros.jpg 236w, https:\/\/static-blogs.larioja.com\/wp-content\/uploads\/sites\/48\/2019\/02\/p\u00e1jaros-150x150.jpg 150w\" sizes=\"(max-width: 236px) 100vw, 236px\" \/><\/a><\/p>\n<p>&nbsp;<\/p>\n<p>Sirve para mejorar la autoestima, dado que no hay posibilidad de fracaso, al ser cada uno el que decide qu\u00e9 hacer. Y si lo unimos a la posibilidad de realizar una actividad social y juntamos a personas, ah\u00ed se pueden desarrollar habilidades verbales y sociales. Intercambiamos ideas y sugerencias sobre c\u00f3mo hacer algo y aumenta el sentido de la pertenencia.<\/p>\n<p>A trav\u00e9s del modelado, exploramos en nuestro interior y trabajamos con la met\u00e1fora como medio de resoluci\u00f3n de problemas , para as\u00ed buscar alternativas de modo m\u00e1s divertido.<\/p>\n<p><a href=\"https:\/\/static-blogs.larioja.com\/wp-content\/uploads\/sites\/48\/2019\/02\/arteterapia-1.jpeg\"><img loading=\"lazy\" class=\"alignnone size-medium wp-image-1533\" src=\"https:\/\/static-blogs.larioja.com\/wp-content\/uploads\/sites\/48\/2019\/02\/arteterapia-1-300x300.jpeg\" alt=\"arteterapia-1\" width=\"300\" height=\"300\" srcset=\"https:\/\/static-blogs.larioja.com\/wp-content\/uploads\/sites\/48\/2019\/02\/arteterapia-1-300x300.jpeg 300w, https:\/\/static-blogs.larioja.com\/wp-content\/uploads\/sites\/48\/2019\/02\/arteterapia-1-150x150.jpeg 150w, https:\/\/static-blogs.larioja.com\/wp-content\/uploads\/sites\/48\/2019\/02\/arteterapia-1.jpeg 400w\" sizes=\"(max-width: 300px) 100vw, 300px\" \/><\/a><\/p>\n<p>Para liderar grupos de Arteterapia, hay que tener formaci\u00f3n espec\u00edfica y formarse exhaustivamente en esta Terapia, para as\u00ed explorar y ayudar a los pacientes.<\/p>\n<p>#ArteTerapia<\/p>\n<p>#Formaci\u00f3n<\/p>\n<p>#Expresi\u00f3nEmociones<\/p>\n","protected":false},"excerpt":{"rendered":"<p>&nbsp; &nbsp; El arte es terap\u00e9utico y se utiliza como medio de expresi\u00f3n y exploraci\u00f3n. Puede servirnos como herramienta de autoconocimiento y su poder simb\u00f3lico, nos permite entrar en las profundidades de nuestro mundo interno y alcanzar l\u00edmites que la palabra no alcanza. A trav\u00e9s de Arteterapia, podemos integrar y comprender la experiencia y descifrar [&hellip;]<\/p>\n","protected":false},"author":50,"featured_media":0,"comment_status":"open","ping_status":"closed","sticky":false,"template":"","format":"standard","meta":[],"categories":[1],"tags":[],"_links":{"self":[{"href":"https:\/\/blogs.larioja.com\/ganas-de-vivir\/wp-json\/wp\/v2\/posts\/1531"}],"collection":[{"href":"https:\/\/blogs.larioja.com\/ganas-de-vivir\/wp-json\/wp\/v2\/posts"}],"about":[{"href":"https:\/\/blogs.larioja.com\/ganas-de-vivir\/wp-json\/wp\/v2\/types\/post"}],"author":[{"embeddable":true,"href":"https:\/\/blogs.larioja.com\/ganas-de-vivir\/wp-json\/wp\/v2\/users\/50"}],"replies":[{"embeddable":true,"href":"https:\/\/blogs.larioja.com\/ganas-de-vivir\/wp-json\/wp\/v2\/comments?post=1531"}],"version-history":[{"count":3,"href":"https:\/\/blogs.larioja.com\/ganas-de-vivir\/wp-json\/wp\/v2\/posts\/1531\/revisions"}],"predecessor-version":[{"id":1538,"href":"https:\/\/blogs.larioja.com\/ganas-de-vivir\/wp-json\/wp\/v2\/posts\/1531\/revisions\/1538"}],"wp:attachment":[{"href":"https:\/\/blogs.larioja.com\/ganas-de-vivir\/wp-json\/wp\/v2\/media?parent=1531"}],"wp:term":[{"taxonomy":"category","embeddable":true,"href":"https:\/\/blogs.larioja.com\/ganas-de-vivir\/wp-json\/wp\/v2\/categories?post=1531"},{"taxonomy":"post_tag","embeddable":true,"href":"https:\/\/blogs.larioja.com\/ganas-de-vivir\/wp-json\/wp\/v2\/tags?post=1531"}],"curies":[{"name":"wp","href":"https:\/\/api.w.org\/{rel}","templated":true}]}}