{"id":1645,"date":"2019-05-26T09:00:07","date_gmt":"2019-05-26T07:00:07","guid":{"rendered":"https:\/\/blogs.larioja.com\/ganas-de-vivir\/?p=1645"},"modified":"2019-05-25T23:46:17","modified_gmt":"2019-05-25T21:46:17","slug":"quieres-cumplir-tus-metas","status":"publish","type":"post","link":"https:\/\/blogs.larioja.com\/ganas-de-vivir\/2019\/05\/26\/quieres-cumplir-tus-metas\/","title":{"rendered":"\u00bfQuieres cumplir tus metas?"},"content":{"rendered":"<p><a href=\"https:\/\/static-blogs.larioja.com\/wp-content\/uploads\/sites\/48\/2019\/05\/metas.jpg\"><img loading=\"lazy\" class=\"alignnone size-medium wp-image-1646\" src=\"https:\/\/static-blogs.larioja.com\/wp-content\/uploads\/sites\/48\/2019\/05\/metas-300x200.jpg\" alt=\"metas\" width=\"300\" height=\"200\" srcset=\"https:\/\/static-blogs.larioja.com\/wp-content\/uploads\/sites\/48\/2019\/05\/metas-300x200.jpg 300w, https:\/\/static-blogs.larioja.com\/wp-content\/uploads\/sites\/48\/2019\/05\/metas-768x512.jpg 768w, https:\/\/static-blogs.larioja.com\/wp-content\/uploads\/sites\/48\/2019\/05\/metas.jpg 1021w\" sizes=\"(max-width: 300px) 100vw, 300px\" \/><\/a><\/p>\n<p>\u00bfHas marcado ya tus metas?<\/p>\n<p>\u00bfTe sueles poner excusas? \u00bfTe da pereza ponerte manos a la obra?<\/p>\n<p>&nbsp;<\/p>\n<p>Fijarse metas es clave si queremos ir cumpliendo nuestros sue\u00f1os.<\/p>\n<p>&nbsp;<\/p>\n<p><span style=\"background-color: #ccffff;\"><strong>\u00bfQu\u00e9 debo plantearme si quiero cumplir mis metas?\u00a0<\/strong><\/span><\/p>\n<p>&nbsp;<\/p>\n<p>* \u00bfQu\u00e9 quiero conseguir? Marcar un objetivo espec\u00edfico.<\/p>\n<p>* \u00bfQu\u00e9 fecha l\u00edmite me pongo?<\/p>\n<p>* \u00bfEs una meta realista?<\/p>\n<p>* \u00bfEn qu\u00e9 punto estoy ahora? Es bueno conocer mi situaci\u00f3n actual.<\/p>\n<p>* \u00bfQu\u00e9 obst\u00e1culos tengo que superar?<\/p>\n<p>* \u00bfTengo plan b?<\/p>\n<p>* \u00bfQu\u00e9 beneficios obtendr\u00e9? As\u00ed no te rendir\u00e1s.<\/p>\n<p>* \u00bfHe desarrollado mi plan de acci\u00f3n?<\/p>\n<p>* \u00bfMe he\u00a0visualizado logrando mi meta?<\/p>\n<p>* \u00bfHago algo cada d\u00eda para llegar a mi meta?<\/p>\n<p>* \u00bfMe siento fuerte?\u00a0Prohibido rendirse.<\/p>\n<p>&nbsp;<\/p>\n<p><strong><span style=\"background-color: #ccffff;\">#Sin Excusas<\/span><\/strong><\/p>\n<p><strong><span style=\"background-color: #ccffff;\">#Cumpliendo Metas<\/span><\/strong><\/p>\n<p>&nbsp;<\/p>\n<p>&nbsp;<\/p>\n<p>&nbsp;<\/p>\n<p>&nbsp;<\/p>\n","protected":false},"excerpt":{"rendered":"<p>\u00bfHas marcado ya tus metas? \u00bfTe sueles poner excusas? \u00bfTe da pereza ponerte manos a la obra? &nbsp; Fijarse metas es clave si queremos ir cumpliendo nuestros sue\u00f1os. &nbsp; \u00bfQu\u00e9 debo plantearme si quiero cumplir mis metas?\u00a0 &nbsp; * \u00bfQu\u00e9 quiero conseguir? Marcar un objetivo espec\u00edfico. * \u00bfQu\u00e9 fecha l\u00edmite me pongo? * \u00bfEs una [&hellip;]<\/p>\n","protected":false},"author":50,"featured_media":0,"comment_status":"open","ping_status":"closed","sticky":false,"template":"","format":"standard","meta":[],"categories":[1],"tags":[],"_links":{"self":[{"href":"https:\/\/blogs.larioja.com\/ganas-de-vivir\/wp-json\/wp\/v2\/posts\/1645"}],"collection":[{"href":"https:\/\/blogs.larioja.com\/ganas-de-vivir\/wp-json\/wp\/v2\/posts"}],"about":[{"href":"https:\/\/blogs.larioja.com\/ganas-de-vivir\/wp-json\/wp\/v2\/types\/post"}],"author":[{"embeddable":true,"href":"https:\/\/blogs.larioja.com\/ganas-de-vivir\/wp-json\/wp\/v2\/users\/50"}],"replies":[{"embeddable":true,"href":"https:\/\/blogs.larioja.com\/ganas-de-vivir\/wp-json\/wp\/v2\/comments?post=1645"}],"version-history":[{"count":6,"href":"https:\/\/blogs.larioja.com\/ganas-de-vivir\/wp-json\/wp\/v2\/posts\/1645\/revisions"}],"predecessor-version":[{"id":1652,"href":"https:\/\/blogs.larioja.com\/ganas-de-vivir\/wp-json\/wp\/v2\/posts\/1645\/revisions\/1652"}],"wp:attachment":[{"href":"https:\/\/blogs.larioja.com\/ganas-de-vivir\/wp-json\/wp\/v2\/media?parent=1645"}],"wp:term":[{"taxonomy":"category","embeddable":true,"href":"https:\/\/blogs.larioja.com\/ganas-de-vivir\/wp-json\/wp\/v2\/categories?post=1645"},{"taxonomy":"post_tag","embeddable":true,"href":"https:\/\/blogs.larioja.com\/ganas-de-vivir\/wp-json\/wp\/v2\/tags?post=1645"}],"curies":[{"name":"wp","href":"https:\/\/api.w.org\/{rel}","templated":true}]}}