{"id":1665,"date":"2019-06-16T10:35:41","date_gmt":"2019-06-16T08:35:41","guid":{"rendered":"https:\/\/blogs.larioja.com\/ganas-de-vivir\/?p=1665"},"modified":"2019-06-16T10:35:41","modified_gmt":"2019-06-16T08:35:41","slug":"como-elegir-mi-futuro","status":"publish","type":"post","link":"https:\/\/blogs.larioja.com\/ganas-de-vivir\/2019\/06\/16\/como-elegir-mi-futuro\/","title":{"rendered":"\u00bfC\u00f3mo elegir mi futuro?"},"content":{"rendered":"<p><a href=\"https:\/\/static-blogs.larioja.com\/wp-content\/uploads\/sites\/48\/2019\/06\/metas-estudiantes.jpg\"><img loading=\"lazy\" class=\"alignnone size-medium wp-image-1666\" src=\"https:\/\/static-blogs.larioja.com\/wp-content\/uploads\/sites\/48\/2019\/06\/metas-estudiantes-300x200.jpg\" alt=\"metas-estudiantes\" width=\"300\" height=\"200\" srcset=\"https:\/\/static-blogs.larioja.com\/wp-content\/uploads\/sites\/48\/2019\/06\/metas-estudiantes-300x200.jpg 300w, https:\/\/static-blogs.larioja.com\/wp-content\/uploads\/sites\/48\/2019\/06\/metas-estudiantes.jpg 469w\" sizes=\"(max-width: 300px) 100vw, 300px\" \/><\/a><\/p>\n<p>Tras los \u00faltimos ex\u00e1menes, hay alumnos que se encuentran desorientados.<\/p>\n<p>Es importante pararse a pensar y analizar bien cu\u00e1les pueden ser las salidas a nivel acad\u00e9mico y profesional.<\/p>\n<p>&nbsp;<\/p>\n<p><span style=\"background-color: #ffff99;\">\u00bfEn qu\u00e9 debo basarme si estoy tomando una decisi\u00f3n?\u00a0<\/span><\/p>\n<p><span style=\"background-color: #ffff99;\">\u00bfHe aprobado la EBAU (Evaluaci\u00f3n del Bachillerato para el Acceso a la Universidad) y no s\u00e9 hacia d\u00f3nde ir?<\/span><\/p>\n<p><span style=\"background-color: #ffff99;\">\u00bfHe comenzado una carrera pero he decidido que no es lo m\u00edo?\u00a0<\/span><\/p>\n<p>&nbsp;<\/p>\n<p>Aqu\u00ed te lanzo unas ideas para as\u00ed decidir:<\/p>\n<p>&nbsp;<\/p>\n<p><span style=\"background-color: #ccffff;\">Aptitudes<\/span><\/p>\n<p>\u00bfQu\u00e9 eres capaz de hacer?<\/p>\n<p>\u00bfEn qu\u00e9 destacas?<\/p>\n<p>\u00bfQu\u00e9 asignaturas se te dan mejor?<\/p>\n<p>\u00bfQu\u00e9 sabes hacer?<\/p>\n<p>&nbsp;<\/p>\n<p><span style=\"background-color: #ccffff;\">Valores<\/span><\/p>\n<p>\u00bfQu\u00e9 es importante para ti en la vida?<\/p>\n<p>\u00bfCu\u00e1les son tus prioridades?<\/p>\n<p>&nbsp;<\/p>\n<p><span style=\"background-color: #ccffff;\">Personalidad<\/span><\/p>\n<p>\u00bfC\u00f3mo es tu comportamiento?<\/p>\n<p>\u00bfEn qu\u00e9 te diferencias de los dem\u00e1s?<\/p>\n<p>\u00bfC\u00f3mo eres?<\/p>\n<p>&nbsp;<\/p>\n<p><span style=\"background-color: #ccffff;\">Intereses profesionales\u00a0<\/span><\/p>\n<p>\u00bfQu\u00e9 es lo que te apasiona?<\/p>\n<p>\u00bfQu\u00e9 te gusta hacer en tu tiempo libre?<\/p>\n<p>\u00bfCu\u00e1les son tus preferencias?<\/p>\n<p>&nbsp;<\/p>\n<p>\u00a1\u00a1Si\u00e9ntate y realiza estas preguntas!!<\/p>\n<p>Te vendr\u00e1 muy bien analizar qu\u00e9 es lo que m\u00e1s te gusta.<\/p>\n<p>Recuerda que lo importante es &#8220;<span style=\"background-color: #ffff99;\">SER FELIZ<\/span>&#8220;.<\/p>\n<p>&nbsp;<\/p>\n<p>Aqu\u00ed te dejo un enlace para realizar un breve Test de orientaci\u00f3n Vocacional:<\/p>\n<p><a href=\"https:\/\/www.elegircarrera.net\/test-vocacional.aspx\"><span style=\"text-decoration: underline;\">https:\/\/www.elegircarrera.net\/test-vocacional.aspx<\/span><\/a><\/p>\n<p>Fuente: Elegir Carrera<\/p>\n<p>&nbsp;<\/p>\n","protected":false},"excerpt":{"rendered":"<p>Tras los \u00faltimos ex\u00e1menes, hay alumnos que se encuentran desorientados. Es importante pararse a pensar y analizar bien cu\u00e1les pueden ser las salidas a nivel acad\u00e9mico y profesional. &nbsp; \u00bfEn qu\u00e9 debo basarme si estoy tomando una decisi\u00f3n?\u00a0 \u00bfHe aprobado la EBAU (Evaluaci\u00f3n del Bachillerato para el Acceso a la Universidad) y no s\u00e9 hacia [&hellip;]<\/p>\n","protected":false},"author":50,"featured_media":0,"comment_status":"open","ping_status":"closed","sticky":false,"template":"","format":"standard","meta":[],"categories":[1],"tags":[],"_links":{"self":[{"href":"https:\/\/blogs.larioja.com\/ganas-de-vivir\/wp-json\/wp\/v2\/posts\/1665"}],"collection":[{"href":"https:\/\/blogs.larioja.com\/ganas-de-vivir\/wp-json\/wp\/v2\/posts"}],"about":[{"href":"https:\/\/blogs.larioja.com\/ganas-de-vivir\/wp-json\/wp\/v2\/types\/post"}],"author":[{"embeddable":true,"href":"https:\/\/blogs.larioja.com\/ganas-de-vivir\/wp-json\/wp\/v2\/users\/50"}],"replies":[{"embeddable":true,"href":"https:\/\/blogs.larioja.com\/ganas-de-vivir\/wp-json\/wp\/v2\/comments?post=1665"}],"version-history":[{"count":4,"href":"https:\/\/blogs.larioja.com\/ganas-de-vivir\/wp-json\/wp\/v2\/posts\/1665\/revisions"}],"predecessor-version":[{"id":1670,"href":"https:\/\/blogs.larioja.com\/ganas-de-vivir\/wp-json\/wp\/v2\/posts\/1665\/revisions\/1670"}],"wp:attachment":[{"href":"https:\/\/blogs.larioja.com\/ganas-de-vivir\/wp-json\/wp\/v2\/media?parent=1665"}],"wp:term":[{"taxonomy":"category","embeddable":true,"href":"https:\/\/blogs.larioja.com\/ganas-de-vivir\/wp-json\/wp\/v2\/categories?post=1665"},{"taxonomy":"post_tag","embeddable":true,"href":"https:\/\/blogs.larioja.com\/ganas-de-vivir\/wp-json\/wp\/v2\/tags?post=1665"}],"curies":[{"name":"wp","href":"https:\/\/api.w.org\/{rel}","templated":true}]}}