{"id":1812,"date":"2019-10-13T10:46:14","date_gmt":"2019-10-13T08:46:14","guid":{"rendered":"https:\/\/blogs.larioja.com\/ganas-de-vivir\/?p=1812"},"modified":"2019-10-13T10:46:14","modified_gmt":"2019-10-13T08:46:14","slug":"orden-del-entorno-orden-mental","status":"publish","type":"post","link":"https:\/\/blogs.larioja.com\/ganas-de-vivir\/2019\/10\/13\/orden-del-entorno-orden-mental\/","title":{"rendered":"Orden del entorno = Orden mental"},"content":{"rendered":"<p><a href=\"https:\/\/static-blogs.larioja.com\/wp-content\/uploads\/sites\/48\/2019\/10\/orden.jpeg\"><img loading=\"lazy\" class=\"alignnone size-medium wp-image-1813\" src=\"https:\/\/static-blogs.larioja.com\/wp-content\/uploads\/sites\/48\/2019\/10\/orden-300x168.jpeg\" alt=\"\" width=\"300\" height=\"168\" \/><\/a><\/p>\n<p>El orden del entorno nos lleva a un mayor orden mental.<\/p>\n<p>Marie Kondo y su m\u00e9todo &#8220;Konmari&#8221; nos ayudan a organizar nuestros entornos, para as\u00ed sentirnos mucho mejor.<\/p>\n<p>&nbsp;<\/p>\n<p><strong>\u00bfEn qu\u00e9 consiste este m\u00e9todo?<\/strong><\/p>\n<p>* Mantener un entorno pro-orden.<\/p>\n<p>* Cambiar nuestras normas del orden.<\/p>\n<p>* Adi\u00f3s al ruido.<\/p>\n<p>* Empezar por lo f\u00e1cil.<\/p>\n<p>* Ser agradecido.<\/p>\n<p>* Conservar lo que te hace feliz.<\/p>\n<p>* Almacenamiento vertical.<\/p>\n<p>&nbsp;<\/p>\n<p>El hecho de tener desorden en nuestro entorno, significa que tenemos problemas a la hora de tomar decisiones y que tendemos a la procrastinaci\u00f3n (h\u00e1bito de retrasar actividades en el tiempo).<\/p>\n<p>&nbsp;<\/p>\n<p><strong>\u00bfQu\u00e9 beneficios tiene ordenar nuestro entorno?<\/strong><\/p>\n<p>* Mejora nuestra concentraci\u00f3n.<\/p>\n<p>* Conocer nuestros recursos, nos lleva a optimizar sus usos.<\/p>\n<p>* Satisfacci\u00f3n personal.<\/p>\n<p>* Mejora nuestra autoestima.<\/p>\n<p>* Aumenta nuestro rendimiento y productividad.<\/p>\n<p>* Nos hace tomar las riendas de nuestro vida y la sensaci\u00f3n de control.<\/p>\n<p><a href=\"https:\/\/static-blogs.larioja.com\/wp-content\/uploads\/sites\/48\/2019\/10\/mente.jpg\"><img loading=\"lazy\" class=\"alignnone size-medium wp-image-1814\" src=\"https:\/\/static-blogs.larioja.com\/wp-content\/uploads\/sites\/48\/2019\/10\/mente-300x240.jpg\" alt=\"\" width=\"300\" height=\"240\" srcset=\"https:\/\/static-blogs.larioja.com\/wp-content\/uploads\/sites\/48\/2019\/10\/mente-300x240.jpg 300w, https:\/\/static-blogs.larioja.com\/wp-content\/uploads\/sites\/48\/2019\/10\/mente.jpg 660w\" sizes=\"(max-width: 300px) 100vw, 300px\" \/><\/a><\/p>\n<p>&nbsp;<\/p>\n<p>&nbsp;<\/p>\n","protected":false},"excerpt":{"rendered":"<p>El orden del entorno nos lleva a un mayor orden mental. Marie Kondo y su m\u00e9todo &#8220;Konmari&#8221; nos ayudan a organizar nuestros entornos, para as\u00ed sentirnos mucho mejor. &nbsp; \u00bfEn qu\u00e9 consiste este m\u00e9todo? * Mantener un entorno pro-orden. * Cambiar nuestras normas del orden. * Adi\u00f3s al ruido. * Empezar por lo f\u00e1cil. * [&hellip;]<\/p>\n","protected":false},"author":50,"featured_media":0,"comment_status":"open","ping_status":"closed","sticky":false,"template":"","format":"standard","meta":[],"categories":[1],"tags":[],"_links":{"self":[{"href":"https:\/\/blogs.larioja.com\/ganas-de-vivir\/wp-json\/wp\/v2\/posts\/1812"}],"collection":[{"href":"https:\/\/blogs.larioja.com\/ganas-de-vivir\/wp-json\/wp\/v2\/posts"}],"about":[{"href":"https:\/\/blogs.larioja.com\/ganas-de-vivir\/wp-json\/wp\/v2\/types\/post"}],"author":[{"embeddable":true,"href":"https:\/\/blogs.larioja.com\/ganas-de-vivir\/wp-json\/wp\/v2\/users\/50"}],"replies":[{"embeddable":true,"href":"https:\/\/blogs.larioja.com\/ganas-de-vivir\/wp-json\/wp\/v2\/comments?post=1812"}],"version-history":[{"count":1,"href":"https:\/\/blogs.larioja.com\/ganas-de-vivir\/wp-json\/wp\/v2\/posts\/1812\/revisions"}],"predecessor-version":[{"id":1815,"href":"https:\/\/blogs.larioja.com\/ganas-de-vivir\/wp-json\/wp\/v2\/posts\/1812\/revisions\/1815"}],"wp:attachment":[{"href":"https:\/\/blogs.larioja.com\/ganas-de-vivir\/wp-json\/wp\/v2\/media?parent=1812"}],"wp:term":[{"taxonomy":"category","embeddable":true,"href":"https:\/\/blogs.larioja.com\/ganas-de-vivir\/wp-json\/wp\/v2\/categories?post=1812"},{"taxonomy":"post_tag","embeddable":true,"href":"https:\/\/blogs.larioja.com\/ganas-de-vivir\/wp-json\/wp\/v2\/tags?post=1812"}],"curies":[{"name":"wp","href":"https:\/\/api.w.org\/{rel}","templated":true}]}}