{"id":1817,"date":"2019-10-20T12:46:35","date_gmt":"2019-10-20T10:46:35","guid":{"rendered":"https:\/\/blogs.larioja.com\/ganas-de-vivir\/?p=1817"},"modified":"2019-10-20T12:46:35","modified_gmt":"2019-10-20T10:46:35","slug":"crees-que-es-importante-la-autoestima-a-la-hora-de-educar","status":"publish","type":"post","link":"https:\/\/blogs.larioja.com\/ganas-de-vivir\/2019\/10\/20\/crees-que-es-importante-la-autoestima-a-la-hora-de-educar\/","title":{"rendered":"\u00bfCrees que es importante la autoestima a la hora de educar?"},"content":{"rendered":"<p><a href=\"https:\/\/static-blogs.larioja.com\/wp-content\/uploads\/sites\/48\/2019\/10\/educacion-familia-470.jpg\"><img loading=\"lazy\" class=\"alignnone size-medium wp-image-1818\" src=\"https:\/\/static-blogs.larioja.com\/wp-content\/uploads\/sites\/48\/2019\/10\/educacion-familia-470-300x167.jpg\" alt=\"\" width=\"300\" height=\"167\" srcset=\"https:\/\/static-blogs.larioja.com\/wp-content\/uploads\/sites\/48\/2019\/10\/educacion-familia-470-300x167.jpg 300w, https:\/\/static-blogs.larioja.com\/wp-content\/uploads\/sites\/48\/2019\/10\/educacion-familia-470.jpg 469w\" sizes=\"(max-width: 300px) 100vw, 300px\" \/><\/a><\/p>\n<p>La autoestima de los padres adquiere gran relevancia.<\/p>\n<p>Si nos sentimos bien y cuidamos nuestro sentimiento de auto-aceptaci\u00f3n, confianza y seguridad en nosotros mismos, ser\u00e1 m\u00e1s f\u00e1cil educar positivamente.<\/p>\n<p>&nbsp;<\/p>\n<p><strong>\u00bfCu\u00e1ndo debemos ponernos en manos de un profesional?<\/strong><\/p>\n<p>&nbsp;<\/p>\n<p>*Si vemos que hay padres que se deprimen con facilidad y evitan hacer cosas en familia.<\/p>\n<p>*Si hay continuas luchas de poder y quieren controlar a sus hijos por miedos internos.<\/p>\n<p>*Si cada d\u00eda se hace cuesta arriba ante una situaci\u00f3n normalizada de crianza.<\/p>\n<p>*Si piensas que tus hijos manejan tu vida y has deseado escaparte.<\/p>\n<p>*Sientes incapacidad para solventar problemas diarios que surgen con los ni\u00f1os.<\/p>\n<p>&nbsp;<\/p>\n<p><strong>\u00bfC\u00f3mo aumentar la autoestima de los padres?<\/strong><\/p>\n<p>&nbsp;<\/p>\n<p>*Crear buen ambiente familiar.<\/p>\n<p>*Pasar tiempo con la pareja para recuperar la magia.<\/p>\n<p>*Aprender a planificar es clave para afrontar la semana de una forma m\u00e1s positiva.<\/p>\n<p>*Compartir informaci\u00f3n sobre crianza con otras familias.<\/p>\n<p>*Aprender a decir no, tanto para no sobrecargarse con actividades como para poner l\u00edmites a los hijos.<\/p>\n<p>&nbsp;<\/p>\n<p>&#8220;La educaci\u00f3n es el arma m\u00e1s poderosa para cambiar el mundo&#8221; Nelson Mandela.<\/p>\n<p>&nbsp;<\/p>\n<p>&nbsp;<\/p>\n<p>&nbsp;<\/p>\n<p>&nbsp;<\/p>\n","protected":false},"excerpt":{"rendered":"<p>La autoestima de los padres adquiere gran relevancia. Si nos sentimos bien y cuidamos nuestro sentimiento de auto-aceptaci\u00f3n, confianza y seguridad en nosotros mismos, ser\u00e1 m\u00e1s f\u00e1cil educar positivamente. &nbsp; \u00bfCu\u00e1ndo debemos ponernos en manos de un profesional? &nbsp; *Si vemos que hay padres que se deprimen con facilidad y evitan hacer cosas en familia. [&hellip;]<\/p>\n","protected":false},"author":50,"featured_media":0,"comment_status":"open","ping_status":"closed","sticky":false,"template":"","format":"standard","meta":[],"categories":[1],"tags":[],"_links":{"self":[{"href":"https:\/\/blogs.larioja.com\/ganas-de-vivir\/wp-json\/wp\/v2\/posts\/1817"}],"collection":[{"href":"https:\/\/blogs.larioja.com\/ganas-de-vivir\/wp-json\/wp\/v2\/posts"}],"about":[{"href":"https:\/\/blogs.larioja.com\/ganas-de-vivir\/wp-json\/wp\/v2\/types\/post"}],"author":[{"embeddable":true,"href":"https:\/\/blogs.larioja.com\/ganas-de-vivir\/wp-json\/wp\/v2\/users\/50"}],"replies":[{"embeddable":true,"href":"https:\/\/blogs.larioja.com\/ganas-de-vivir\/wp-json\/wp\/v2\/comments?post=1817"}],"version-history":[{"count":2,"href":"https:\/\/blogs.larioja.com\/ganas-de-vivir\/wp-json\/wp\/v2\/posts\/1817\/revisions"}],"predecessor-version":[{"id":1820,"href":"https:\/\/blogs.larioja.com\/ganas-de-vivir\/wp-json\/wp\/v2\/posts\/1817\/revisions\/1820"}],"wp:attachment":[{"href":"https:\/\/blogs.larioja.com\/ganas-de-vivir\/wp-json\/wp\/v2\/media?parent=1817"}],"wp:term":[{"taxonomy":"category","embeddable":true,"href":"https:\/\/blogs.larioja.com\/ganas-de-vivir\/wp-json\/wp\/v2\/categories?post=1817"},{"taxonomy":"post_tag","embeddable":true,"href":"https:\/\/blogs.larioja.com\/ganas-de-vivir\/wp-json\/wp\/v2\/tags?post=1817"}],"curies":[{"name":"wp","href":"https:\/\/api.w.org\/{rel}","templated":true}]}}