{"id":1846,"date":"2019-11-17T10:54:58","date_gmt":"2019-11-17T09:54:58","guid":{"rendered":"https:\/\/blogs.larioja.com\/ganas-de-vivir\/?p=1846"},"modified":"2019-11-17T11:02:06","modified_gmt":"2019-11-17T10:02:06","slug":"mejorando-nuestra-comunicacion-no-verbal","status":"publish","type":"post","link":"https:\/\/blogs.larioja.com\/ganas-de-vivir\/2019\/11\/17\/mejorando-nuestra-comunicacion-no-verbal\/","title":{"rendered":"\u00bfEs importante la comunicaci\u00f3n no verbal?"},"content":{"rendered":"<p><a href=\"https:\/\/static-blogs.larioja.com\/wp-content\/uploads\/sites\/48\/2019\/11\/comunicacion-no-verbal-1_opt.jpg\"><img loading=\"lazy\" class=\"alignnone size-medium wp-image-1847\" src=\"https:\/\/static-blogs.larioja.com\/wp-content\/uploads\/sites\/48\/2019\/11\/comunicacion-no-verbal-1_opt-300x171.jpg\" alt=\"\" width=\"300\" height=\"171\" srcset=\"https:\/\/static-blogs.larioja.com\/wp-content\/uploads\/sites\/48\/2019\/11\/comunicacion-no-verbal-1_opt-300x171.jpg 300w, https:\/\/static-blogs.larioja.com\/wp-content\/uploads\/sites\/48\/2019\/11\/comunicacion-no-verbal-1_opt.jpg 700w\" sizes=\"(max-width: 300px) 100vw, 300px\" \/><\/a><\/p>\n<p>&nbsp;<\/p>\n<p><strong>\u00bfQu\u00e9 es la comunicaci\u00f3n no verbal?<\/strong><\/p>\n<p>Es el proceso de comunicaci\u00f3n en el que existe un env\u00edo y recepci\u00f3n de mensajes sin palabras, es decir, mediante indicios, gestos y signos.<\/p>\n<p>Estos mensajes pueden ser comunicados a trav\u00e9s de la kin\u00e9sica (gestos, lenguaje corporal, postura, expresi\u00f3n facial o el contacto visual).<\/p>\n<p>&nbsp;<\/p>\n<p>\u00bfQu\u00e9 consejos te propongo para mejorar tu comunicaci\u00f3n no verbal?<\/p>\n<p>* Atiende al contacto visual, gestos, postura, movimientos del cuerpo y tono de voz.<\/p>\n<p>* Conc\u00e9ntrate en el tono de voz al hablar.<\/p>\n<p>* Busca comportamientos incongruentes, dado que cuando no coinciden las palabras con las se\u00f1ales no verbales, adquieren m\u00e1s importancia dichas se\u00f1ales.<\/p>\n<p>* Usa se\u00f1ales no verbales para hacer la comunicaci\u00f3n m\u00e1s potente.<\/p>\n<p>* Maneja el contacto visual correctamente.<\/p>\n<p>* Si est\u00e1s confundido, pregunta para as\u00ed comprender bien el mensaje.<\/p>\n<p>* Analiza el contexto y analiza comunicaci\u00f3n verbal y no verbal de modo conjunto.<\/p>\n<p>* Intenta practicar para as\u00ed mejorar tus habilidades comunicativas.<\/p>\n<p><a href=\"https:\/\/static-blogs.larioja.com\/wp-content\/uploads\/sites\/48\/2019\/11\/comunicaci\u00f3n.png\"><img loading=\"lazy\" class=\"alignnone size-medium wp-image-1849\" src=\"https:\/\/static-blogs.larioja.com\/wp-content\/uploads\/sites\/48\/2019\/11\/comunicaci\u00f3n-300x158.png\" alt=\"\" width=\"300\" height=\"158\" srcset=\"https:\/\/static-blogs.larioja.com\/wp-content\/uploads\/sites\/48\/2019\/11\/comunicaci\u00f3n-300x158.png 300w, https:\/\/static-blogs.larioja.com\/wp-content\/uploads\/sites\/48\/2019\/11\/comunicaci\u00f3n.png 310w\" sizes=\"(max-width: 300px) 100vw, 300px\" \/><\/a><\/p>\n<p>Hay muchas formas de comunicarnos y la distancia, tambi\u00e9n comunica por s\u00ed misma.<\/p>\n<p>En la pr\u00f3xima entrada del blog, hablaremos sobre la Proxemia (disciplina que estudia la gesti\u00f3n de nuestros espacios en la interacci\u00f3n social, laboral y personal).\u00a0<strong>\u00a0<\/strong><\/p>\n<p>&nbsp;<\/p>\n<p>#Gracias<\/p>\n<p>#GanasdeCompartir<\/p>\n<p>&nbsp;<\/p>\n","protected":false},"excerpt":{"rendered":"<p>&nbsp; \u00bfQu\u00e9 es la comunicaci\u00f3n no verbal? Es el proceso de comunicaci\u00f3n en el que existe un env\u00edo y recepci\u00f3n de mensajes sin palabras, es decir, mediante indicios, gestos y signos. Estos mensajes pueden ser comunicados a trav\u00e9s de la kin\u00e9sica (gestos, lenguaje corporal, postura, expresi\u00f3n facial o el contacto visual). &nbsp; \u00bfQu\u00e9 consejos te [&hellip;]<\/p>\n","protected":false},"author":50,"featured_media":0,"comment_status":"open","ping_status":"closed","sticky":false,"template":"","format":"standard","meta":[],"categories":[1],"tags":[],"_links":{"self":[{"href":"https:\/\/blogs.larioja.com\/ganas-de-vivir\/wp-json\/wp\/v2\/posts\/1846"}],"collection":[{"href":"https:\/\/blogs.larioja.com\/ganas-de-vivir\/wp-json\/wp\/v2\/posts"}],"about":[{"href":"https:\/\/blogs.larioja.com\/ganas-de-vivir\/wp-json\/wp\/v2\/types\/post"}],"author":[{"embeddable":true,"href":"https:\/\/blogs.larioja.com\/ganas-de-vivir\/wp-json\/wp\/v2\/users\/50"}],"replies":[{"embeddable":true,"href":"https:\/\/blogs.larioja.com\/ganas-de-vivir\/wp-json\/wp\/v2\/comments?post=1846"}],"version-history":[{"count":2,"href":"https:\/\/blogs.larioja.com\/ganas-de-vivir\/wp-json\/wp\/v2\/posts\/1846\/revisions"}],"predecessor-version":[{"id":1852,"href":"https:\/\/blogs.larioja.com\/ganas-de-vivir\/wp-json\/wp\/v2\/posts\/1846\/revisions\/1852"}],"wp:attachment":[{"href":"https:\/\/blogs.larioja.com\/ganas-de-vivir\/wp-json\/wp\/v2\/media?parent=1846"}],"wp:term":[{"taxonomy":"category","embeddable":true,"href":"https:\/\/blogs.larioja.com\/ganas-de-vivir\/wp-json\/wp\/v2\/categories?post=1846"},{"taxonomy":"post_tag","embeddable":true,"href":"https:\/\/blogs.larioja.com\/ganas-de-vivir\/wp-json\/wp\/v2\/tags?post=1846"}],"curies":[{"name":"wp","href":"https:\/\/api.w.org\/{rel}","templated":true}]}}