{"id":3551,"date":"2025-12-28T14:08:38","date_gmt":"2025-12-28T13:08:38","guid":{"rendered":"https:\/\/blogs.larioja.com\/ganas-de-vivir\/?p=3551"},"modified":"2025-12-28T14:07:56","modified_gmt":"2025-12-28T13:07:56","slug":"post-579-competencias-imprescindibles-en-el-mundo-laboral","status":"publish","type":"post","link":"https:\/\/blogs.larioja.com\/ganas-de-vivir\/2025\/12\/28\/post-579-competencias-imprescindibles-en-el-mundo-laboral\/","title":{"rendered":"Post 579 Competencias imprescindibles en el Mundo Laboral"},"content":{"rendered":"<p><a href=\"https:\/\/static-blogs.larioja.com\/wp-content\/uploads\/sites\/48\/2025\/06\/MALETA.jpg\"><img loading=\"lazy\" class=\"size-medium wp-image-3433\" src=\"https:\/\/static-blogs.larioja.com\/wp-content\/uploads\/sites\/48\/2025\/06\/MALETA-300x200.jpg\" alt=\"\" width=\"300\" height=\"200\" srcset=\"https:\/\/static-blogs.larioja.com\/wp-content\/uploads\/sites\/48\/2025\/06\/MALETA-300x200.jpg 300w, https:\/\/static-blogs.larioja.com\/wp-content\/uploads\/sites\/48\/2025\/06\/MALETA.jpg 612w\" sizes=\"(max-width: 300px) 100vw, 300px\" \/><\/a><\/p>\n<p>En <strong>Escuela GanasdeVivir<\/strong> creamos Formaciones a medida para poder mejorar vuestras Habilidades Personales y Profesionales, lo que os resultar\u00e1 de utilidad para potenciar vuestra profesionalidad.<\/p>\n<p><span style=\"text-decoration: underline;\"><strong>\u00bfCu\u00e1les son las habilidades imprescindibles que se valoran en el Mundo Profesional?<\/strong><\/span><\/p>\n<p>*Comunicaci\u00f3n<\/p>\n<p>*Trabajo en equipo<\/p>\n<p>*Resoluci\u00f3n de problemas<\/p>\n<p>*Pensamiento cr\u00edtico<\/p>\n<p>*Creatividad<\/p>\n<p>*Adaptabilidad<\/p>\n<p>*Gesti\u00f3n del tiempo<\/p>\n<p>*Liderazgo<\/p>\n<p>*Inteligencia Emocional<\/p>\n<p>*Resiliencia<\/p>\n<p>*Escucha activa<\/p>\n<p>&nbsp;<\/p>\n<p>Y ahora, analiza cu\u00e1l es tu perfil personal y profesional.<\/p>\n<p><strong>\u00bfC\u00f3mo te ves a ti mismo?<\/strong> Analiza situaciones profesionales y tu actitud ante ellas.<\/p>\n<p><strong>\u00bfConsideras que tienes dichas Habilidades?\u00a0<\/strong><\/p>\n<p>Quiz\u00e1s, en 2026 es un buen momento para seguir mejorando y desarrollar tus competencias.<\/p>\n<p><a href=\"https:\/\/static-blogs.larioja.com\/wp-content\/uploads\/sites\/48\/2024\/11\/GanasdeVivir-Imagen.jpg\"><img loading=\"lazy\" class=\"alignnone size-medium wp-image-3313\" src=\"https:\/\/static-blogs.larioja.com\/wp-content\/uploads\/sites\/48\/2024\/11\/GanasdeVivir-Imagen-300x294.jpg\" alt=\"\" width=\"300\" height=\"294\" srcset=\"https:\/\/static-blogs.larioja.com\/wp-content\/uploads\/sites\/48\/2024\/11\/GanasdeVivir-Imagen-300x294.jpg 300w, https:\/\/static-blogs.larioja.com\/wp-content\/uploads\/sites\/48\/2024\/11\/GanasdeVivir-Imagen-1024x1004.jpg 1024w, https:\/\/static-blogs.larioja.com\/wp-content\/uploads\/sites\/48\/2024\/11\/GanasdeVivir-Imagen-768x753.jpg 768w, https:\/\/static-blogs.larioja.com\/wp-content\/uploads\/sites\/48\/2024\/11\/GanasdeVivir-Imagen-1536x1506.jpg 1536w, https:\/\/static-blogs.larioja.com\/wp-content\/uploads\/sites\/48\/2024\/11\/GanasdeVivir-Imagen.jpg 1567w\" sizes=\"(max-width: 300px) 100vw, 300px\" \/><\/a><\/p>\n<div class=\"wrapper voc-blogs-section\" data-voc-adbd-layer=\"\">\n<div class=\"voc-container-fluid\">\n<div class=\"row\">\n<div class=\"col-xs-12 col-sm-12 col-md-8 col-lg-8 col-md-push-4 voc-blogs-content\">\n<div class=\"voc-detail voc-list-blog voc-detail-grid-inverted\" data-voc-share-selection=\"\">\n<p>Psicolog\u00eda \/ Desarrollo Personal \/ RRHH<\/p>\n<p>Colegiada en COP La Rioja<\/p>\n<p>COP = Colegio Oficial de Psicolog\u00eda<\/p>\n<p>23 a\u00f1os de experiencia profesional como Psic\u00f3loga<\/p>\n<p>10 a\u00f1os como colaboradora en Radio Rioja<\/p>\n<p>11 a\u00f1os escribiendo en Diario La Rioja<\/p>\n<p>Domingo a domingo acercando la Psicolog\u00eda a la Sociedad<\/p>\n<p>Mi web Escuela GanasdeVivir<\/p>\n<p>vanesa@escuelaganasdevivir.com<\/p>\n<\/div>\n<\/div>\n<\/div>\n<\/div>\n<\/div>\n","protected":false},"excerpt":{"rendered":"<p>En Escuela GanasdeVivir creamos Formaciones a medida para poder mejorar vuestras Habilidades Personales y Profesionales, lo que os resultar\u00e1 de utilidad para potenciar vuestra profesionalidad. \u00bfCu\u00e1les son las habilidades imprescindibles que se valoran en el Mundo Profesional? *Comunicaci\u00f3n *Trabajo en equipo *Resoluci\u00f3n de problemas *Pensamiento cr\u00edtico *Creatividad *Adaptabilidad *Gesti\u00f3n del tiempo *Liderazgo *Inteligencia Emocional *Resiliencia [&hellip;]<\/p>\n","protected":false},"author":50,"featured_media":0,"comment_status":"open","ping_status":"closed","sticky":false,"template":"","format":"standard","meta":[],"categories":[1],"tags":[],"_links":{"self":[{"href":"https:\/\/blogs.larioja.com\/ganas-de-vivir\/wp-json\/wp\/v2\/posts\/3551"}],"collection":[{"href":"https:\/\/blogs.larioja.com\/ganas-de-vivir\/wp-json\/wp\/v2\/posts"}],"about":[{"href":"https:\/\/blogs.larioja.com\/ganas-de-vivir\/wp-json\/wp\/v2\/types\/post"}],"author":[{"embeddable":true,"href":"https:\/\/blogs.larioja.com\/ganas-de-vivir\/wp-json\/wp\/v2\/users\/50"}],"replies":[{"embeddable":true,"href":"https:\/\/blogs.larioja.com\/ganas-de-vivir\/wp-json\/wp\/v2\/comments?post=3551"}],"version-history":[{"count":4,"href":"https:\/\/blogs.larioja.com\/ganas-de-vivir\/wp-json\/wp\/v2\/posts\/3551\/revisions"}],"predecessor-version":[{"id":3555,"href":"https:\/\/blogs.larioja.com\/ganas-de-vivir\/wp-json\/wp\/v2\/posts\/3551\/revisions\/3555"}],"wp:attachment":[{"href":"https:\/\/blogs.larioja.com\/ganas-de-vivir\/wp-json\/wp\/v2\/media?parent=3551"}],"wp:term":[{"taxonomy":"category","embeddable":true,"href":"https:\/\/blogs.larioja.com\/ganas-de-vivir\/wp-json\/wp\/v2\/categories?post=3551"},{"taxonomy":"post_tag","embeddable":true,"href":"https:\/\/blogs.larioja.com\/ganas-de-vivir\/wp-json\/wp\/v2\/tags?post=3551"}],"curies":[{"name":"wp","href":"https:\/\/api.w.org\/{rel}","templated":true}]}}