{"id":1320,"date":"2014-09-09T08:00:10","date_gmt":"2014-09-09T07:00:10","guid":{"rendered":"http:\/\/blogs.larioja.com\/historias\/?p=1320"},"modified":"2014-09-09T08:00:10","modified_gmt":"2014-09-09T07:00:10","slug":"estanislao-del-campo-el-riojano-que-planto-cara-al-golpista-sanjurjo","status":"publish","type":"post","link":"https:\/\/blogs.larioja.com\/historias\/2014\/09\/09\/estanislao-del-campo-el-riojano-que-planto-cara-al-golpista-sanjurjo\/","title":{"rendered":"Estanislao del Campo, el riojano que plant\u00f3 cara al golpista Sanjurjo"},"content":{"rendered":"<p style=\"text-align: center;\"><a href=\"\/historias\/wp-content\/uploads\/sites\/11\/2014\/09\/Retrato-al-\u00f3leo-del-Doctor-Estanislao-del-Campo-en-1930.jpg\"><img loading=\"lazy\" class=\"aligncenter size-full wp-image-1321\" title=\"Retrato al \u00f3leo del Doctor Estanislao del Campo en 1930\" src=\"\/historias\/wp-content\/uploads\/sites\/11\/2014\/09\/Retrato-al-\u00f3leo-del-Doctor-Estanislao-del-Campo-en-1930.jpg\" alt=\"\" width=\"567\" height=\"746\" srcset=\"https:\/\/static-blogs.larioja.com\/wp-content\/uploads\/sites\/11\/2014\/09\/Retrato-al-\u00f3leo-del-Doctor-Estanislao-del-Campo-en-1930.jpg 567w, https:\/\/static-blogs.larioja.com\/wp-content\/uploads\/sites\/11\/2014\/09\/Retrato-al-\u00f3leo-del-Doctor-Estanislao-del-Campo-en-1930-228x300.jpg 228w\" sizes=\"(max-width: 567px) 100vw, 567px\" \/><\/a><\/p>\n<p style=\"text-align: center;\"><strong>MARCELINO IZQUIERDO y JOS\u00c9 RAM\u00d3N FR\u00cdAS<\/strong><\/p>\n<p>&nbsp;<\/p>\n<p>Hoy, 7 de septiembre, <strong>se cumple el 125 aniversario del nacimiento de Estanislao del Campo<\/strong>, cenicerense ilustre al que le toc\u00f3 vivir sus \u00faltimos a\u00f1os en una Espa\u00f1a dif\u00edcil y convulsa, entre la II Rep\u00fablica y la antesala de la Guerra Civil, que s\u00f3lo su repentina muerte le impidi\u00f3 sufrir. Siendo rector de la Universidad de Sevilla y vicepresidente de la Diputaci\u00f3n hispalense, Del Campo plant\u00f3 cara al golpe de Estado que el general Sanjurjo encendi\u00f3 en la capital andaluza en 1932.<\/p>\n<p>Estanislao Regino del Campo L\u00f3pez <strong>naci\u00f3 en Cenicero el 7 de septiembre de 1889<\/strong>, hijo de Estanislao y Paula. Tras sus primeros pasos por la escuela de su pueblo, ya becado por la Fundaci\u00f3n Bastida, curs\u00f3 el Bachillerato en el Instituto de Segunda Ense\u00f1anza de Logro\u00f1o (actual IES Sagasta). Con posterioridad, Del Campo se traslad\u00f3 a Madrid, en cuya Universidad Central curs\u00f3 estudios de medicina, licenciatura que culmin\u00f3 con premio extraordinario en 1913, obteniendo meses\u00a0 despu\u00e9s el grado de doctor.<br \/>\nEn 1914, el galeno cenicerense se present\u00f3 a las oposiciones, logrando el n\u00famero uno de su promoci\u00f3n, lo que le permiti\u00f3 elegir una vacante de profesor de Fisiolog\u00eda en la Facultad de Medicina de C\u00e1diz.<\/p>\n<p><strong>Estudios en Par\u00eds y rector<\/strong><\/p>\n<p>Pensionado por el Ministerio, Estanislao profundiz\u00f3 en sus estudios en el Instituto Maroy de Par\u00eds y, de regreso a Espa\u00f1a, <strong>con apenas 28 a\u00f1os, obtuvo por oposici\u00f3n la C\u00e1tedra de Fisiolog\u00eda de la Universidad de Sevilla<\/strong>.<\/p>\n<p>En 1931, Del Campo se convirti\u00f3 en el primer rector del campus sevillano elegido por sufragio directo del Claustro y de los \u00f3rganos acad\u00e9micos. El nuevo rector <strong>democratiz\u00f3 las instituciones colegiadas de la universidad<\/strong> (juntas de facultad, junta de gobierno y claustro central), permitiendo su ingreso en los mismos a profesores auxiliares, alumnos y a la primera mujer que form\u00f3 parte de los \u00f3rganos de representaci\u00f3n de una universidad. Se trataba de Mar\u00eda del Rosario Montoya Santamar\u00eda, profesora de la Facultad de Ciencias, un ejemplo que no volver\u00eda a repetir\u00eda hasta casi medio siglo despu\u00e9s.<\/p>\n<p>Adem\u00e1s de la docencia, Estanislao comenz\u00f3 una fulgurante carrera pol\u00edtica, siendo designado en 1931 <strong>vicepresidente de la Comisi\u00f3n Gestora de la Diputaci\u00f3n sevillana<\/strong> y concejal del Ayuntamiento de la ciudad, cargos en los que permaneci\u00f3 hasta su fallecimiento en 1934.<\/p>\n<p>&nbsp;<\/p>\n<p style=\"text-align: center;\"><a href=\"\/historias\/wp-content\/uploads\/sites\/11\/2014\/09\/Calle-que-el-golpista-Sanjurjo-a\u00fan-tiene-dedicada-en-Logro\u00f1o.-Jonathan-Herreros.jpg\"><img loading=\"lazy\" class=\"aligncenter size-full wp-image-1323\" title=\"Calle que el golpista Sanjurjo a\u00fan tiene dedicada en Logro\u00f1o. Jonathan Herreros\" src=\"\/historias\/wp-content\/uploads\/sites\/11\/2014\/09\/Calle-que-el-golpista-Sanjurjo-a\u00fan-tiene-dedicada-en-Logro\u00f1o.-Jonathan-Herreros.jpg\" alt=\"\" width=\"567\" height=\"280\" srcset=\"https:\/\/static-blogs.larioja.com\/wp-content\/uploads\/sites\/11\/2014\/09\/Calle-que-el-golpista-Sanjurjo-a\u00fan-tiene-dedicada-en-Logro\u00f1o.-Jonathan-Herreros.jpg 567w, https:\/\/static-blogs.larioja.com\/wp-content\/uploads\/sites\/11\/2014\/09\/Calle-que-el-golpista-Sanjurjo-a\u00fan-tiene-dedicada-en-Logro\u00f1o.-Jonathan-Herreros-300x148.jpg 300w\" sizes=\"(max-width: 567px) 100vw, 567px\" \/><\/a><\/p>\n<p><strong>La \u2018Sanjurjada\u2019<\/strong><\/p>\n<p>Pero el principal acontecimiento que marc\u00f3 la vida de este riojano ilustre se produjo en 1932. El 10 de junio, <strong>el general navarro Jos\u00e9 Sanjurjo se sublev\u00f3 en Sevilla contra el Gobierno<\/strong> y declar\u00f3 el estado de guerra en toda la regi\u00f3n andaluza. En la conocida como \u2018Sanjurjada\u2019, las tropas golpistas ocuparon los centros neur\u00e1lgicos de la regi\u00f3n, controlaron las comunicaciones y detuvieron a altos cargos, como gobernador civil, alcalde y varios concejales.<\/p>\n<p>Ante esta situaci\u00f3n, Estanislao del Campo, vicepresidente de la Diputaci\u00f3n, tom\u00f3 las riendas del poder republicano, en ausencia de su presidente,\u00a0 y promovi\u00f3 la creaci\u00f3n de un Comit\u00e9 de Salud P\u00fablica, al m\u00e1s puro estilo revolucionario. Erigi\u00e9ndose en orientador del pueblo de Sevilla, el rector public\u00f3 una proclama en la que <strong>conmin\u00f3 a jefes y oficiales del Ej\u00e9rcito para que depusieran su actitud<\/strong>, as\u00ed como a los soldados para que desobedecieran a los que quer\u00edan llevarlos a un movimiento sedicioso. La asonada militar no triunf\u00f3, Sanjurjo fue encarcelado y el prestigio de Del Campo creci\u00f3 en el terreno pol\u00edtico.<\/p>\n<p><a href=\"\/historias\/wp-content\/uploads\/sites\/11\/2014\/09\/Calle-de-Cenicero.jpg\"><img loading=\"lazy\" class=\"alignleft  wp-image-1324\" title=\"Calle de Cenicero\" src=\"\/historias\/wp-content\/uploads\/sites\/11\/2014\/09\/Calle-de-Cenicero.jpg\" alt=\"\" width=\"308\" height=\"155\" \/><\/a><\/p>\n<p>La actitud del rector ante la \u2018Sanjurjada\u2019 fue un gran ejemplo para el republicanismo, si bien nunca alarde\u00f3 de ello: \u00abNo tiene mi proceder nada de extraordinario, he hecho lo que cualquier republicano que se hubiese encontrado en mi caso, cumplir con el m\u00e1s elemental deber de quien desempe\u00f1a un cargo p\u00fablico, el de defender a la Rep\u00fablica\u00bb.<br \/>\nCon tan s\u00f3lo 44 a\u00f1os, <strong>Estanislao del Campo falleci\u00f3 el 4 de enero de 1934 en Sevilla<\/strong> \u2013v\u00edctima de una meningitis tuberculosa\u2013, donde fue enterrado con honores acad\u00e9micos.<\/p>\n<p><strong>Impulsor de la cultura y del proyecto  de Estatuto de Autonom\u00eda andaluz<\/strong><\/p>\n<p>En las d\u00e9cadas de los a\u00f1os 20 y 30 del siglo XX, Estanislao del Campo destac\u00f3 en la cultura, la docencia, la intelectualidad y la pol\u00edtica. Pese a haber nacido en La Rioja, fue uno de los m\u00e1s fervientes impulsores del proyecto de Estatuto de Autonom\u00eda andaluz, colaborando con Blas Infante. El Estatuto, sin embargo, no lleg\u00f3 a entrar en vigor por la reticencia de alguna provincia y, posteriormente, por el estallido de la Guerra Civil.\u00a0 En 1933, el cenicerense apoy\u00f3, junto a otros intelectuales y artistas como <strong>Joaqu\u00edn Romero, Federico Garc\u00eda Lorca, Francisco Bam\u00e9s o Pedro Salinas<\/strong>, la fundaci\u00f3n del Conservatorio Estatal de Sevilla. Aquella propuesta de Eduardo Torres y Ernesto Halffter decant\u00f3, con el paso de los a\u00f1os, en la actual Escuela Superior de Arte Dram\u00e1tico de Sevilla.<\/p>\n<p><a href=\"\/historias\/wp-content\/uploads\/sites\/11\/2014\/09\/Residencia-universitaria-de-Sevilla.jpg\"><img loading=\"lazy\" class=\"aligncenter size-full wp-image-1322\" title=\"Residencia universitaria de Sevilla\" src=\"\/historias\/wp-content\/uploads\/sites\/11\/2014\/09\/Residencia-universitaria-de-Sevilla.jpg\" alt=\"\" width=\"567\" height=\"310\" srcset=\"https:\/\/static-blogs.larioja.com\/wp-content\/uploads\/sites\/11\/2014\/09\/Residencia-universitaria-de-Sevilla.jpg 567w, https:\/\/static-blogs.larioja.com\/wp-content\/uploads\/sites\/11\/2014\/09\/Residencia-universitaria-de-Sevilla-300x164.jpg 300w\" sizes=\"(max-width: 567px) 100vw, 567px\" \/><\/a><\/p>\n<p><strong>\u2018Residencia Universitaria Rector Estanislao del Campo\u2019<br \/>\n<\/strong><\/p>\n<p>Durante muchos a\u00f1os, las autoridades nacionales, provinciales y locales se olvidaron de este insigne hijo de Cenicero, hasta que una vez extinta la dictadura franquista, el nuevo Ayuntamiento democr\u00e1tico de <strong>Cenicero puso el nombre del Dr. Estanislao del Campo a una de las arterias principales de la ciudad<\/strong>, en concreto la Carretera de Logro\u00f1o, en el tramo que va desde el puente hasta la Cooperativa Santa Dar\u00eda. Pero los reconocimientos, si bien demasiadas d\u00e9cadas despu\u00e9s, no llegar\u00edan tan s\u00f3lo de La Rioja<\/p>\n<p>La impronta dejada en el mundo acad\u00e9mico y en el pueblo sevillano y andaluz por Estanislao del Campo, tras sus 14 a\u00f1os como catedr\u00e1tico y tres como rector, fue relevante y significativa. As\u00ed, <strong>el 14 de junio del 2007<\/strong>, siendo Miguel Florencio Lora rector de la Universidad de Sevilla, el campus hispalense inaugur\u00f3 su residencia oficial para estudiantes, que bautiz\u00f3 con el nombre de \u2018Residencia Universitaria Rector Estanislao del Campo\u2019. La residencia est\u00e1 situada dentro del casco urbano de Sevilla, junto al estadio Benito Villamar\u00edn, y cuenta con una amplia oferta de servicios para los estudiantes.<\/p>\n","protected":false},"excerpt":{"rendered":"<p>MARCELINO IZQUIERDO y JOS\u00c9 RAM\u00d3N FR\u00cdAS &nbsp; Hoy, 7 de septiembre, se cumple el 125 aniversario del nacimiento de Estanislao del Campo, cenicerense ilustre al que le toc\u00f3 vivir sus \u00faltimos a\u00f1os en una Espa\u00f1a dif\u00edcil y convulsa, entre la II Rep\u00fablica y la antesala de la Guerra Civil, que s\u00f3lo su repentina muerte le [&hellip;]<\/p>\n","protected":false},"author":14,"featured_media":0,"comment_status":"open","ping_status":"open","sticky":false,"template":"","format":"standard","meta":[],"categories":[2],"tags":[],"_links":{"self":[{"href":"https:\/\/blogs.larioja.com\/historias\/wp-json\/wp\/v2\/posts\/1320"}],"collection":[{"href":"https:\/\/blogs.larioja.com\/historias\/wp-json\/wp\/v2\/posts"}],"about":[{"href":"https:\/\/blogs.larioja.com\/historias\/wp-json\/wp\/v2\/types\/post"}],"author":[{"embeddable":true,"href":"https:\/\/blogs.larioja.com\/historias\/wp-json\/wp\/v2\/users\/14"}],"replies":[{"embeddable":true,"href":"https:\/\/blogs.larioja.com\/historias\/wp-json\/wp\/v2\/comments?post=1320"}],"version-history":[{"count":0,"href":"https:\/\/blogs.larioja.com\/historias\/wp-json\/wp\/v2\/posts\/1320\/revisions"}],"wp:attachment":[{"href":"https:\/\/blogs.larioja.com\/historias\/wp-json\/wp\/v2\/media?parent=1320"}],"wp:term":[{"taxonomy":"category","embeddable":true,"href":"https:\/\/blogs.larioja.com\/historias\/wp-json\/wp\/v2\/categories?post=1320"},{"taxonomy":"post_tag","embeddable":true,"href":"https:\/\/blogs.larioja.com\/historias\/wp-json\/wp\/v2\/tags?post=1320"}],"curies":[{"name":"wp","href":"https:\/\/api.w.org\/{rel}","templated":true}]}}