{"id":1614,"date":"2015-11-11T18:14:08","date_gmt":"2015-11-11T17:14:08","guid":{"rendered":"http:\/\/blogs.larioja.com\/historias\/?p=1614"},"modified":"2015-11-11T18:14:08","modified_gmt":"2015-11-11T17:14:08","slug":"el-riojano-eduardo-barriobero-y-herran-tampoco-tiene-calle-en-logrono","status":"publish","type":"post","link":"https:\/\/blogs.larioja.com\/historias\/2015\/11\/11\/el-riojano-eduardo-barriobero-y-herran-tampoco-tiene-calle-en-logrono\/","title":{"rendered":"El riojano Eduardo Barriobero y Herr\u00e1n tampoco tiene calle en Logro\u00f1o"},"content":{"rendered":"<p><a href=\"\/historias\/wp-content\/uploads\/sites\/11\/2015\/11\/Caricatura-de-Eduardo-Barriobero-y-herr\u00e1n.jpg\"><img loading=\"lazy\" class=\"aligncenter size-full wp-image-1615\" title=\"Caricatura de Eduardo Barriobero y herr\u00e1n\" src=\"\/historias\/wp-content\/uploads\/sites\/11\/2015\/11\/Caricatura-de-Eduardo-Barriobero-y-herr\u00e1n.jpg\" alt=\"\" width=\"510\" height=\"595\" srcset=\"https:\/\/static-blogs.larioja.com\/wp-content\/uploads\/sites\/11\/2015\/11\/Caricatura-de-Eduardo-Barriobero-y-herr\u00e1n.jpg 510w, https:\/\/static-blogs.larioja.com\/wp-content\/uploads\/sites\/11\/2015\/11\/Caricatura-de-Eduardo-Barriobero-y-herr\u00e1n-257x300.jpg 257w\" sizes=\"(max-width: 510px) 100vw, 510px\" \/><\/a><\/p>\n<p>&nbsp;<\/p>\n<p>Eduardo Barriobero y Herr\u00e1n <strong>es otro riojano ilustre, casi desconocido para la mayor\u00eda de sus paisanos<\/strong>, que no ha tenido tanta suerte como Calvo Sotelo, Sanjurjo, Vig\u00f3n o Sagastuy: ninguna calle de Logro\u00f1o lleva su nombre. Nacido en Torrecilla en Cameros hace ahora 140 a\u00f1os, Barriobero curs\u00f3 Bachillerato en el instituto de la capital \u2013ahora IES Sagasta\u2013, estudi\u00f3 Derecho y Medicina en la Universidad de Zaragoza y desde joven compagin\u00f3 su pasi\u00f3n por las letras con un inquebrantable compromiso social y pol\u00edtico, muy ligado al anarcosindicalismo.<\/p>\n<p>Humanista y hombre de acci\u00f3n, defensor de las leyes y de las barricadas, frecuent\u00f3 Barriobero y Herr\u00e1n los c\u00edrculos de la bohemia madrile\u00f1a junto a escritores como Sawa, Zamacois, Carrere y \u2018Colombine\u2019. Trabajador compulsivo, este paisano de Sagasta dio vida a m\u00e1s de doscientos libros, desde tratados jur\u00eddicos, pol\u00edticos y filos\u00f3ficos hasta novelas, obras de teatro y numerosas traducciones. Aferrado sin duelo a sus ideales y a la defensa de los m\u00e1s desprotegidos, Barriobero <strong>se enfrent\u00f3 a todo y a todos<\/strong>: a la monarqu\u00eda, al dictador Primo de Rivera, a la Rep\u00fablica, a la Generalitat\u2026<\/p>\n<p>Entre sus cientos de causas, Barriobero fue quien defendi\u00f3 a los insurgentes riojanos que se alzaron contra Alcal\u00e1 Zamora y Mart\u00ednez Barrio en 1933. A punto estuvo de ser fiscal general del Estado, pero Aza\u00f1a lo vet\u00f3. Tras estallar la Guerra Civil, el letrado camerano desarroll\u00f3 su labor en el Palacio de Justicia de Barcelona, donde el gobierno republicano lo acus\u00f3 de desviar dinero y, pese a que fue absuelto por el Tribunal Supremo, sigui\u00f3 en prisi\u00f3n. Conquistada la Ciudad Condal por las tropas franquistas, Barriobero fue sometido a un consejo de guerra sumar\u00edsimo y <strong>fusilado el 10 de febrero de 1939<\/strong>.<\/p>\n","protected":false},"excerpt":{"rendered":"<p>&nbsp; Eduardo Barriobero y Herr\u00e1n es otro riojano ilustre, casi desconocido para la mayor\u00eda de sus paisanos, que no ha tenido tanta suerte como Calvo Sotelo, Sanjurjo, Vig\u00f3n o Sagastuy: ninguna calle de Logro\u00f1o lleva su nombre. Nacido en Torrecilla en Cameros hace ahora 140 a\u00f1os, Barriobero curs\u00f3 Bachillerato en el instituto de la capital [&hellip;]<\/p>\n","protected":false},"author":14,"featured_media":0,"comment_status":"open","ping_status":"open","sticky":false,"template":"","format":"standard","meta":[],"categories":[2],"tags":[],"_links":{"self":[{"href":"https:\/\/blogs.larioja.com\/historias\/wp-json\/wp\/v2\/posts\/1614"}],"collection":[{"href":"https:\/\/blogs.larioja.com\/historias\/wp-json\/wp\/v2\/posts"}],"about":[{"href":"https:\/\/blogs.larioja.com\/historias\/wp-json\/wp\/v2\/types\/post"}],"author":[{"embeddable":true,"href":"https:\/\/blogs.larioja.com\/historias\/wp-json\/wp\/v2\/users\/14"}],"replies":[{"embeddable":true,"href":"https:\/\/blogs.larioja.com\/historias\/wp-json\/wp\/v2\/comments?post=1614"}],"version-history":[{"count":0,"href":"https:\/\/blogs.larioja.com\/historias\/wp-json\/wp\/v2\/posts\/1614\/revisions"}],"wp:attachment":[{"href":"https:\/\/blogs.larioja.com\/historias\/wp-json\/wp\/v2\/media?parent=1614"}],"wp:term":[{"taxonomy":"category","embeddable":true,"href":"https:\/\/blogs.larioja.com\/historias\/wp-json\/wp\/v2\/categories?post=1614"},{"taxonomy":"post_tag","embeddable":true,"href":"https:\/\/blogs.larioja.com\/historias\/wp-json\/wp\/v2\/tags?post=1614"}],"curies":[{"name":"wp","href":"https:\/\/api.w.org\/{rel}","templated":true}]}}