{"id":466,"date":"2012-11-23T14:00:14","date_gmt":"2012-11-23T13:00:14","guid":{"rendered":"http:\/\/blogs.larioja.com\/historias\/?p=466"},"modified":"2012-11-23T14:00:14","modified_gmt":"2012-11-23T13:00:14","slug":"la-gran-historia-de-la-muy-noble-y-muy-leal-ciudad-de-logrono-de-albia-de-castro","status":"publish","type":"post","link":"https:\/\/blogs.larioja.com\/historias\/2012\/11\/23\/la-gran-historia-de-la-muy-noble-y-muy-leal-ciudad-de-logrono-de-albia-de-castro\/","title":{"rendered":"La gran historia de la muy noble y muy leal ciudad de Logro\u00f1o de Albia de Castro"},"content":{"rendered":"<p><a href=\"\/historias\/wp-content\/uploads\/sites\/11\/2012\/11\/Carlos-V-en-la-ermita-de-Piqueras-con-Logro\u00f1o-al-fondo-en-1552.-Publicado-en-Logro\u00f1o-en-el-siglo-XVI-de-Mar\u00eda-Teresa-\u00c1lvarez-Clavijo.-Archivo-Hist\u00f3rico-de.jpg\"><img loading=\"lazy\" class=\"aligncenter  wp-image-467\" title=\"Carlos V en la ermita de Piqueras, con Logro\u00f1o al fondo, en 1552. Publicado en Logro\u00f1o en el siglo XVI, de Mar\u00eda Teresa \u00c1lvarez Clavijo. Archivo Hist\u00f3rico de\" src=\"\/historias\/wp-content\/uploads\/sites\/11\/2012\/11\/Carlos-V-en-la-ermita-de-Piqueras-con-Logro\u00f1o-al-fondo-en-1552.-Publicado-en-Logro\u00f1o-en-el-siglo-XVI-de-Mar\u00eda-Teresa-\u00c1lvarez-Clavijo.-Archivo-Hist\u00f3rico-de.jpg\" alt=\"\" width=\"663\" height=\"446\" srcset=\"https:\/\/static-blogs.larioja.com\/wp-content\/uploads\/sites\/11\/2012\/11\/Carlos-V-en-la-ermita-de-Piqueras-con-Logro\u00f1o-al-fondo-en-1552.-Publicado-en-Logro\u00f1o-en-el-siglo-XVI-de-Mar\u00eda-Teresa-\u00c1lvarez-Clavijo.-Archivo-Hist\u00f3rico-de.jpg 624w, https:\/\/static-blogs.larioja.com\/wp-content\/uploads\/sites\/11\/2012\/11\/Carlos-V-en-la-ermita-de-Piqueras-con-Logro\u00f1o-al-fondo-en-1552.-Publicado-en-Logro\u00f1o-en-el-siglo-XVI-de-Mar\u00eda-Teresa-\u00c1lvarez-Clavijo.-Archivo-Hist\u00f3rico-de-300x202.jpg 300w\" sizes=\"(max-width: 663px) 100vw, 663px\" \/><\/a><\/p>\n<p>Se cumplen en este 2012 los 440 a\u00f1os del nacimiento de Fernando Albia de Castro, considerado el primer historiador que desenterr\u00f3 el pasado de Logro\u00f1o y cuya obra de referencia lleva por t\u00edtulo <strong>\u2018Memorial y discurso pol\u00edtico por la muy noble, y muy leal ciudad de Logro\u00f1o\u2019 (1633)<\/strong>. Las \u00faltimas d\u00e9cadas del siglo XVI y las primeras del XVII, durante las que transcurri\u00f3 la vida de Albia (Alvia firmaba \u00e9l), supusieron para la ciudad un periodo de cierto esplendor en todos los sentidos, gracias a la pujanza de nobles e hidalgos, al Camino de Santiago, a la imprenta, al favor de la Casa de Austria o a la Di\u00f3cesis de Calahorra y su Tribunal del Santo Oficio.<\/p>\n<p>Nacido en la capital de La Rioja, Fernando Albia de Castro fue <strong>bautizado en la parroquia de Santiago el Real el 25 de agosto de 1572<\/strong>. Era el segundo hijo de Andr\u00e9s de Albia, un alto funcionario del rey Felipe II de origen vasco, que contrajo matrimonio en Logro\u00f1o con Isabel de Castro. De aquel enlace nacieron tres hijos: Jer\u00f3nima, Hernando o Fernando y Andr\u00e9s. Siendo todav\u00eda un ni\u00f1o, el futuro historiador march\u00f3 a la ciudad universitaria de Salamanca para cursar estudios superiores, lo que sin duda consigui\u00f3 con aplicaci\u00f3n y aprovechamiento. De hecho, en el a\u00f1o 1616 Albia desempe\u00f1aba en Lisboa \u2013por aquel entonces territorio espa\u00f1ol\u2013 los cargos de veedor general de la Real Armada y Ej\u00e9rcito del Mar Oc\u00e9ano y de la gente de guerra y galeras del Reino de Portugal, al tiempo que publicaba la obra \u2018Verdadera Raz\u00f3n de Estado. Discurso Pol\u00edtico\u2019.<\/p>\n<p>Y es que <strong>fue en la capital lusa donde transcurri\u00f3 gran parte de la vida y del oficio de Albia de Castro<\/strong>, dedicados \u2013al igual que su padre\u2013 a la intendencia militar, precisamente en una \u00e9poca en la que la Marina patria afrontaba la competencia de otras naciones que buscaban en las Am\u00e9ricas las riquezas que hab\u00edan hecho de Espa\u00f1a el gran imperio de la \u00e9poca.<\/p>\n<p><a href=\"\/historias\/wp-content\/uploads\/sites\/11\/2012\/11\/Aguja-de-Palacio-en-1633.png\"><img loading=\"lazy\" class=\"alignright  wp-image-468\" title=\"Aguja de Palacio en 1633\" src=\"\/historias\/wp-content\/uploads\/sites\/11\/2012\/11\/Aguja-de-Palacio-en-1633.png\" alt=\"\" width=\"295\" height=\"1006\" \/><\/a><\/p>\n<p>&nbsp;<\/p>\n<p><strong>V\u00ednculado a La Rioja<\/strong><\/p>\n<p>Sin embargo, nunca perdi\u00f3 el escritor riojano el v\u00ednculo con su tierra. Cuenta el historiador Jos\u00e9 Sim\u00f3n D\u00edaz, que prolog\u00f3 el facs\u00edmil que sobre<strong> el \u2018Memorial\u2026\u2019 de Logro\u00f1o se public\u00f3 en dos ocasiones a lo largo del siglo XX<\/strong>, que a Albia de Castro \u00abel empleo tambi\u00e9n le deparaba ocasi\u00f3n de dar salida a determinados productos del campo riojano y en el Archivo Municipal logro\u00f1\u00e9s se conserva un legajo de cartas, puramente comerciales, que acreditan c\u00f3mo en los almacenes del buen veedor nunca escaseaba el piment\u00f3n ni otros art\u00edculos de su tierra\u00bb. Tambi\u00e9n escribi\u00f3 Albia de Castro, entre otras obras, \u2018Aphorismos e Exemplos Politicos e Militares\u2019 (1621), \u2018Panegirico genealogico y moral del Excelentmo. Duque de Barcelos\u2019 (1628) y, estando en tierras portuguesas, el ya mencionado \u2018Memorial y discurso pol\u00edtico por la muy noble, y muy leal ciudad de Logro\u00f1o\u2019.En la introducci\u00f3n, el propio autor justificaba el libro: \u00ab\u2026por hijo de V.S. y la <strong>obligaci\u00f3n, que cada uno tiene, seg\u00fan dice Plat\u00f3n, de servir a su patria<\/strong>, naciendo m\u00e1s para ella, que para su bien particular, recoger en este Memorial&#8230;\u00bb.<\/p>\n<p>Pese a ver la luz en 1633,<strong> el volumen de Albia tard\u00f3 casi tres a\u00f1os en ser presentado de manera oficial en la ciudad natal del autor<\/strong>. Fue el d\u00eda 14 de enero de 1636, seg\u00fan consta en\u00a0 el Libro de actas de 1634-1636, que se conserva en el Archivo Municipal de Logro\u00f1o:\u00a0 \u00abEstte dia entr\u00f3 en este aiuntam[iento] el Sr. D. Andr\u00e9s de Albia canonigo de santiago y en n[ombre] del S. don fer[nando] de albia su her[mano] caballero del ab\u00edto de &#8230; [en blanco en el original] dio una carta y con ella un libro de quartilla con las armas de la ciu[ dad] dorado y otro 100 de impression q[ue] contienen las grandes bittorias desta ciu[dad] contra el ejer\u00e7ito de fran\u00e7esses y su grau lealtad, noble\\:a y antiguedad y otras cossas curiosas y memorables de q[ue] se le dieron las gracias y se mando dar rresp[uesta] a la carta y q[ue] por mano de los Se\u00f1ores don fran[cisco] barr\u00f3n y [francisco de] laredo se entregue al Sr. don Andres y q[ue] el libro se ponga en el archivo y los demas de impress[ion] se rrepartan entre los caballeros rregidores y cabildos y Personas lustrosas de la \u00e7iu[dad]\u00bb. Ante la ausencia de nuevas monograf\u00edas hist\u00f3ricas sobre Logro\u00f1o, dos siglos despu\u00e9s hubo de\u00a0 reimprimirse el \u2018Memorial\u2019 (1843).<\/p>\n<p><a href=\"\/historias\/wp-content\/uploads\/sites\/11\/2012\/11\/1g1.jpg\"><img loading=\"lazy\" class=\"alignleft  wp-image-470\" title=\"1g\" src=\"\/historias\/wp-content\/uploads\/sites\/11\/2012\/11\/1g1.jpg\" alt=\"\" width=\"233\" height=\"333\" \/><\/a><\/p>\n<p>&nbsp;<\/p>\n<p>&nbsp;<\/p>\n<p><strong>Un intelectual entre T\u00e1cito  y Maquiavelo<\/strong><\/p>\n<p>Adem\u00e1s de \u2018Verdadera raz\u00f3n de Estado\u2019 y el \u2018Memorial&#8230;\u2019 logro\u00f1\u00e9s, Albia de Castro tambi\u00e9n escribi\u00f3, al menos, las obras \u2018Aphorismos y exemplos pol\u00edticos y militares\u2019 (1621), \u2018Observaciones de Estado, y de Historia sobre la vida y servidos del Se\u00f1or de Villeroy\u2019 (1621), \u2018Panegirico genealogico y moral del excelentmo. dvque\u00a0 de Barcelos\u2019. (1628), y \u2018Peda\u00e7os primeros de vn discvrso largo en las cosas de Alemania, Espa\u00f1a, Francia. En forma de Epitome\u2019 (1635). Mantuvo Albia de Castro <strong>cordiales relaciones con su buen amigo y paisano Francisco L\u00f3pez de Z\u00e1rate, el \u2018Caballero de la rosa\u2019<\/strong>, famoso poeta y dramaturgo. El alto cargo logro\u00f1\u00e9s fue un respetado pensador pol\u00edtico, adscrito a la rama del tacitismo, un movimiento que hab\u00eda surgido en el Renacimiento con el historiador y pol\u00edtico romano Cornelio T\u00e1cito como referente. El tacitismo aceptaba los postulados radicales de Maquiavelo \u2013\u00abel fin justifica los medios\u00bb\u2013, si bien atemper\u00e1ndolos con la ineludible virtud moral que legitima la \u00abverdadera raz\u00f3n de Estado\u00bb.<\/p>\n<p>&nbsp;<\/p>\n<p><strong>Esplendor de la muy noble ciudad de Logro\u00f1o en los siglos XVI y XVII<\/strong><\/p>\n<p>\u00abEn el siglo XVI la calle Portales era conocida como la Herbentia y converg\u00eda en su extremo este en la puerta Nueva de la muralla, junto a la casa que levantaron los Jim\u00e9nez de Enciso (palacio de los Chapiteles). Adem\u00e1s, en la concurrida v\u00eda se enclavaban algunas de las construcciones de mayor relevancia, como la Iglesia de Santa Mar\u00eda de la Redonda. Junto a su cabecera termin\u00f3 por instalarse la instituci\u00f3n civil m\u00e1s importante, el ayuntamiento, al menos desde la segunda mitad de la centuria y, al oeste del edificio eclesi\u00e1stico una gran plaza desde 1572, en la que se pretendieron celebrar festejos y desfiles militares, adem\u00e1s del mercado, funci\u00f3n \u00e9sta que termin\u00f3 por prevalecer sobre las dem\u00e1s\u00bb, as\u00ed describe la <strong>doctora en Historia Mar\u00eda Teresa \u00c1lvarez Clavijo<\/strong> c\u00f3mo era el Portales de Logro\u00f1o a finales del XVI.<\/p>\n<p>La villa, que durante la Edad Media hab\u00eda crecido al amparo del Fuero de 1095 y aprovechando la inercia de la Ruta Jacobea, entr\u00f3 en el Renacimiento con el impulso de ser reconocida como ciudad. Fue el rey castellano <strong>Juan II quien le concedi\u00f3 el t\u00edtulo en 1431<\/strong>, a los que a\u00f1adi\u00f3 el 20 de julio de 1444 los de \u2018Muy Noble y Muy Leal\u2019. Poco a poco Logro\u00f1o se consolid\u00f3 como una importante plaza en el S. XVI, pese a que el poder eclesi\u00e1stico manten\u00eda Calahorra como basti\u00f3n del norte peninsular. Los Reyes Cat\u00f3licos, unidas ya las tierras de Castilla y Arag\u00f3n, visitaron N\u00e1jera y Logro\u00f1o el mismo a\u00f1o\u00a0 que Col\u00f3n\u00a0 descubri\u00f3 Am\u00e9rica, mientras\u00a0 el emperador Carlos V jur\u00f3 los fueros de la ciudad en 1520.<\/p>\n<p><a href=\"\/historias\/wp-content\/uploads\/sites\/11\/2012\/11\/Campesina-de-Logro\u00f1o-Biblioteque-Nationale-de-France.jpg\"><img loading=\"lazy\" class=\"alignleft  wp-image-473\" title=\"Campesina de Logro\u00f1o Biblioteque Nationale de France\" src=\"\/historias\/wp-content\/uploads\/sites\/11\/2012\/11\/Campesina-de-Logro\u00f1o-Biblioteque-Nationale-de-France.jpg\" alt=\"\" width=\"295\" height=\"488\" srcset=\"https:\/\/static-blogs.larioja.com\/wp-content\/uploads\/sites\/11\/2012\/11\/Campesina-de-Logro\u00f1o-Biblioteque-Nationale-de-France.jpg 425w, https:\/\/static-blogs.larioja.com\/wp-content\/uploads\/sites\/11\/2012\/11\/Campesina-de-Logro\u00f1o-Biblioteque-Nationale-de-France-181x300.jpg 181w\" sizes=\"(max-width: 295px) 100vw, 295px\" \/><\/a><\/p>\n<p>&nbsp;<\/p>\n<p><a href=\"\/historias\/wp-content\/uploads\/sites\/11\/2012\/11\/Joven-de-Logro\u00f1o-Biblioteque-Nationale-de-France2.jpg\"><img loading=\"lazy\" class=\"wp-image-475 alignright\" title=\"Joven de Logro\u00f1o Biblioteque Nationale de France\" src=\"\/historias\/wp-content\/uploads\/sites\/11\/2012\/11\/Joven-de-Logro\u00f1o-Biblioteque-Nationale-de-France2.jpg\" alt=\"\" width=\"290\" height=\"467\" srcset=\"https:\/\/static-blogs.larioja.com\/wp-content\/uploads\/sites\/11\/2012\/11\/Joven-de-Logro\u00f1o-Biblioteque-Nationale-de-France2.jpg 425w, https:\/\/static-blogs.larioja.com\/wp-content\/uploads\/sites\/11\/2012\/11\/Joven-de-Logro\u00f1o-Biblioteque-Nationale-de-France2-187x300.jpg 187w\" sizes=\"(max-width: 290px) 100vw, 290px\" \/><\/a><strong><\/strong><\/p>\n<p>&nbsp;<\/p>\n<p><strong>El apoyo a Carlos V<\/strong><\/p>\n<p>Precisamente, el respaldo logro\u00f1\u00e9s al joven monarca en la guerra de las comunidades y la victoria \u2013tras sufrido asedio\u2013 ante las tropas franco-navarras comandadas por Asparrot se ganaron el coraz\u00f3n de la Casa de Austria. De hecho, Regres\u00f3 Carlos V en 1523, de cuya \u00e9poca todav\u00eda se conserva la <strong>puerta del Revell\u00edn<\/strong>.<\/p>\n<p>De otro lado, parte del poder\u00a0 que atesoraba la Di\u00f3cesis de Calahorra fue trasladado a Logro\u00f1o en 1570 a trav\u00e9s del <strong>Tribunal de la Inquisici\u00f3n<\/strong>, desde donde dictaba la ley del Santo Oficio en lo que hoy ser\u00edan Pa\u00eds Vasco, Navarra y La Rioja. Cuarenta a\u00f1os despu\u00e9s, el Auto de fe de Logro\u00f1o (1610), que juzg\u00f3 el caso e las brujas de Zugarramurdi, constituy\u00f3 uno de los hitos en la Espa\u00f1a del siglo XVII.<\/p>\n<p>Aunque las clases sociales logro\u00f1esas se manten\u00edan ancladas en los estereotipos de nobleza, hidalgu\u00eda, campesinado o artesanos, poco a poco <strong>fue surgiendo una peque\u00f1a burgues\u00eda incipiente<\/strong>, que se ir\u00eda desarrollando en siglos posteriores.<\/p>\n<p>La riqueza de las tierras riojanas, proveniente de la agricultura (vino, frutas, cereales, lana, carne&#8230;), pronto encontr\u00f3 en Logro\u00f1o su enclave comercial y de servicios. La poblaci\u00f3n creci\u00f3 gracias a la llegada de familias vascas, navarras y monta\u00f1esas que buscaban en el Valle del Ebro empleos de futuro. Mancebos de comercio, colonos, mozos de casa, canteros, entalladores, sastres, oficiales, herreros y los m\u00e1s diversos aprendices aumentaron el censo de la ciudad, que ya<strong> en los siglos XVI y XVII era la m\u00e1s poblada de lo que hoy es la Comunidad Aut\u00f3noma de La Rioja, con alrededor de 7.000 vecinos<\/strong>.<\/p>\n<p>&nbsp;<\/p>\n<p><strong>Entre el arte y la imprenta<\/strong><\/p>\n<p>Fue una \u00e9poca en la que no s\u00f3lo la industria y el comercio se desarrollaron como nunca lo hab\u00edan hecho hasta entonces, sino que, adem\u00e1s, quedaron apuntalados otros oficios directamente vinculados con la cultura y el arte. Se trataba de imagineros y pintores \u2013el m\u00e1s destacado fue el logro\u00f1\u00e9s <strong>Juan Fern\u00e1ndez de Navarrete \u2018El Mudo\u2019, pintor real de Felipe II<\/strong>\u2013 o escultores de la talla de los hermanos Guyot, Juan de Beogrant, Arnao de Bruselas, Juan de Lorena o Dami\u00e1n Forment.<\/p>\n<p>La imprenta era otra de las se\u00f1as de identidad logro\u00f1esa, desde que <strong>Arnao Guill\u00e9n de Brocar<\/strong> instalara su taller en la actual plaza Mart\u00ednez Zaporta. Hasta el siglo XIX fue la ciudad un referente de la edici\u00f3n tanto en Espa\u00f1a como Hispanoam\u00e9rica, con impresores como <strong>Miguel de Egu\u00eda<\/strong> o <strong>Juan de Mongast\u00f3n<\/strong>.<\/p>\n<p>No es extra\u00f1o, pues, que Albia de Castro viera el inter\u00e9s de que su ciudad, en evidente expansi\u00f3n, contara con un <strong>compendio hist\u00f3rico<\/strong>.<\/p>\n<p><a href=\"\/historias\/wp-content\/uploads\/sites\/11\/2012\/11\/Mujer-de-Logro\u00f1o-Biblioteque-Nationale-de-France1.jpg\"><img loading=\"lazy\" class=\"alignleft  wp-image-477\" title=\"Mujer de Logro\u00f1o Biblioteque Nationale de France\" src=\"\/historias\/wp-content\/uploads\/sites\/11\/2012\/11\/Mujer-de-Logro\u00f1o-Biblioteque-Nationale-de-France1.jpg\" alt=\"\" width=\"296\" height=\"485\" \/><\/a><\/p>\n<p><a href=\"\/historias\/wp-content\/uploads\/sites\/11\/2012\/11\/Pastora-de-Logro\u00f1o-Biblioteque-Nationale-de-France1.jpg\"><img loading=\"lazy\" class=\"alignright  wp-image-478\" title=\"Pastora de Logro\u00f1o Biblioteque Nationale de France\" src=\"\/historias\/wp-content\/uploads\/sites\/11\/2012\/11\/Pastora-de-Logro\u00f1o-Biblioteque-Nationale-de-France1.jpg\" alt=\"\" width=\"294\" height=\"471\" \/><\/a><strong><\/strong><\/p>\n<p>&nbsp;<\/p>\n<p><strong>Las mujeres\u00a0 logro\u00f1esas  del a\u00f1o 1572<\/strong><\/p>\n<p>Gracias al inventario  de los <strong>dibujos realizados por Roger Gaigni\u00e8res \u2013caballerizo del influyente duque Guisa\u2013<\/strong>, han llegado hasta nuestros d\u00edas los primeros grabados de las \u2018diferentes\u2019 mujeres logro\u00f1esas, tal y como eran en el a\u00f1o 1572. Estas y otras im\u00e1genes, que ahora conserva la Biblioteca Nacional de Francia, fueron recopiladas por el coleccionista Henri Bouchot, que las public\u00f3 ya a finales del siglo XIX en Par\u00eds (1891).<\/p>\n","protected":false},"excerpt":{"rendered":"<p>Se cumplen en este 2012 los 440 a\u00f1os del nacimiento de Fernando Albia de Castro, considerado el primer historiador que desenterr\u00f3 el pasado de Logro\u00f1o y cuya obra de referencia lleva por t\u00edtulo \u2018Memorial y discurso pol\u00edtico por la muy noble, y muy leal ciudad de Logro\u00f1o\u2019 (1633). Las \u00faltimas d\u00e9cadas del siglo XVI y [&hellip;]<\/p>\n","protected":false},"author":14,"featured_media":0,"comment_status":"open","ping_status":"closed","sticky":false,"template":"","format":"standard","meta":[],"categories":[2],"tags":[],"_links":{"self":[{"href":"https:\/\/blogs.larioja.com\/historias\/wp-json\/wp\/v2\/posts\/466"}],"collection":[{"href":"https:\/\/blogs.larioja.com\/historias\/wp-json\/wp\/v2\/posts"}],"about":[{"href":"https:\/\/blogs.larioja.com\/historias\/wp-json\/wp\/v2\/types\/post"}],"author":[{"embeddable":true,"href":"https:\/\/blogs.larioja.com\/historias\/wp-json\/wp\/v2\/users\/14"}],"replies":[{"embeddable":true,"href":"https:\/\/blogs.larioja.com\/historias\/wp-json\/wp\/v2\/comments?post=466"}],"version-history":[{"count":0,"href":"https:\/\/blogs.larioja.com\/historias\/wp-json\/wp\/v2\/posts\/466\/revisions"}],"wp:attachment":[{"href":"https:\/\/blogs.larioja.com\/historias\/wp-json\/wp\/v2\/media?parent=466"}],"wp:term":[{"taxonomy":"category","embeddable":true,"href":"https:\/\/blogs.larioja.com\/historias\/wp-json\/wp\/v2\/categories?post=466"},{"taxonomy":"post_tag","embeddable":true,"href":"https:\/\/blogs.larioja.com\/historias\/wp-json\/wp\/v2\/tags?post=466"}],"curies":[{"name":"wp","href":"https:\/\/api.w.org\/{rel}","templated":true}]}}