{"id":104,"date":"2009-06-16T08:39:00","date_gmt":"2009-06-16T08:39:00","guid":{"rendered":"http:\/\/blogs.larioja.com\/insolencias\/?p=104"},"modified":"2009-06-16T08:39:00","modified_gmt":"2009-06-16T08:39:00","slug":"otra-mentira-electoral","status":"publish","type":"post","link":"https:\/\/blogs.larioja.com\/insolencias\/2009\/06\/16\/otra-mentira-electoral\/","title":{"rendered":"Otra mentira electoral"},"content":{"rendered":"<p><DIV style=\"BORDER-RIGHT: medium none; PADDING-RIGHT: 0cm; BORDER-TOP: medium none; PADDING-LEFT: 0cm; PADDING-BOTTOM: 1pt; BORDER-LEFT: medium none; PADDING-TOP: 0cm; BORDER-BOTTOM: windowtext 1.5pt solid; mso-element: para-border-div\"> <P class=MsoNormal style=\"BORDER-RIGHT: medium none; PADDING-RIGHT: 0cm; BORDER-TOP: medium none; PADDING-LEFT: 0cm; PADDING-BOTTOM: 0cm; MARGIN: 0cm 0cm 0pt; BORDER-LEFT: medium none; PADDING-TOP: 0cm; BORDER-BOTTOM: medium none; mso-border-bottom-alt: solid windowtext 1.5pt; mso-padding-alt: 0cm 0cm 1.0pt 0cm\"><SPAN style=\"FONT-SIZE: 16pt; COLOR: black\"><?xml:namespace prefix = o ns = \"urn:schemas-microsoft-com:office:office\" \/><o:p><FONT face=\"Times New Roman\"><IMG class=imgizqda id=img_0 src=\"https:\/\/blogs.larioja.com\/insolencias\/files\/AAAMUSEO.jpg\"> <\/FONT><\/o:p><\/SPAN><\/p>\n<p> <P class=MsoNormal style=\"BORDER-RIGHT: medium none; PADDING-RIGHT: 0cm; BORDER-TOP: medium none; PADDING-LEFT: 0cm; PADDING-BOTTOM: 0cm; MARGIN: 0cm 0cm 0pt; BORDER-LEFT: medium none; PADDING-TOP: 0cm; BORDER-BOTTOM: medium none; mso-border-bottom-alt: solid windowtext 1.5pt; mso-padding-alt: 0cm 0cm 1.0pt 0cm\"><SPAN style=\"FONT-SIZE: 16pt; COLOR: black\"><FONT face=\"Times New Roman\">Hoy se salda otra deuda electoral\u2026al tiempo que se pone en evidencia una vieja  mentira m\u00e1s a a\u00f1adir a la larga lista. <\/FONT><\/SPAN><\/p>\n<p> <P class=MsoNormal style=\"BORDER-RIGHT: medium none; PADDING-RIGHT: 0cm; BORDER-TOP: medium none; PADDING-LEFT: 0cm; PADDING-BOTTOM: 0cm; MARGIN: 0cm 0cm 0pt; BORDER-LEFT: medium none; PADDING-TOP: 0cm; BORDER-BOTTOM: medium none; mso-border-bottom-alt: solid windowtext 1.5pt; mso-padding-alt: 0cm 0cm 1.0pt 0cm\"><SPAN style=\"FONT-SIZE: 16pt; COLOR: black\"><FONT face=\"Times New Roman\">Se inaugura en Calahorra el \u201cMuseo de la Romanizaci\u00f3n en La Rioja\u201d\u2026as\u00ed se llamar\u00e1 la criatura.<o:p><\/o:p><\/FONT><\/SPAN><\/p>\n<p> <P class=MsoNormal style=\"BORDER-RIGHT: medium none; PADDING-RIGHT: 0cm; BORDER-TOP: medium none; PADDING-LEFT: 0cm; PADDING-BOTTOM: 0cm; MARGIN: 0cm 0cm 0pt; BORDER-LEFT: medium none; PADDING-TOP: 0cm; BORDER-BOTTOM: medium none; mso-border-bottom-alt: solid windowtext 1.5pt; mso-padding-alt: 0cm 0cm 1.0pt 0cm\"><SPAN style=\"FONT-SIZE: 16pt; COLOR: black\"><FONT face=\"Times New Roman\">Un parto con ces\u00e1rea que ha necesitado de casi treinta meses de gestaci\u00f3n pese a que cuando presentaron en sociedad el embarazo tan solo iba a durar cuatro meses. Pero era mentira.<o:p><\/o:p><\/FONT><\/SPAN><\/p>\n<p> <P class=MsoNormal style=\"BORDER-RIGHT: medium none; PADDING-RIGHT: 0cm; BORDER-TOP: medium none; PADDING-LEFT: 0cm; PADDING-BOTTOM: 0cm; MARGIN: 0cm 0cm 0pt; BORDER-LEFT: medium none; PADDING-TOP: 0cm; BORDER-BOTTOM: medium none; mso-border-bottom-alt: solid windowtext 1.5pt; mso-padding-alt: 0cm 0cm 1.0pt 0cm\"><SPAN style=\"FONT-SIZE: 16pt; COLOR: black\"><FONT face=\"Times New Roman\">Como es costumbre, el alcalde Pagola, -a escasos d\u00edas de las elecciones municipales de mayo de 2007- <SPAN style=\"mso-spacerun: yes\"><\/SPAN>compadec\u00eda en rueda de prensa <SPAN style=\"mso-spacerun: yes\"><\/SPAN>con la connivencia de D. Lu\u00eds Alegre (consejero de cultura de Sanz) para comunicar a los ciudadanos que el museo de la romanizaci\u00f3n se encontraba a punto de finalizarse y,<SPAN style=\"mso-spacerun: yes\"> <\/SPAN>que ser\u00eda abierto al p\u00fablico en dos meses (en julio del 2007). Pero han pasado dos a\u00f1os y dos meses de aquello.<o:p><\/o:p><\/FONT><\/SPAN><\/p>\n<p> <P class=MsoNormal style=\"BORDER-RIGHT: medium none; PADDING-RIGHT: 0cm; BORDER-TOP: medium none; PADDING-LEFT: 0cm; PADDING-BOTTOM: 0cm; MARGIN: 0cm 0cm 0pt; BORDER-LEFT: medium none; PADDING-TOP: 0cm; BORDER-BOTTOM: medium none; mso-border-bottom-alt: solid windowtext 1.5pt; mso-padding-alt: 0cm 0cm 1.0pt 0cm\"><SPAN style=\"FONT-SIZE: 16pt; COLOR: black\"><FONT face=\"Times New Roman\">La verdad \u2013 como se ha demostrado- <SPAN style=\"mso-spacerun: yes\"><\/SPAN>era bien distinta, ya que las obras ni hab\u00edan comenzado. Ni tan siquiera se hab\u00edan adjudicado algunas de ellas, como la renovaci\u00f3n del alumbrado el\u00e9ctrico, que era precisamente un gasto de competencia municipal. \u00bfA que se deb\u00eda por tanto aquel anuncio de inminente apertura de un museo cuyas obras ni se hab\u00edan comenzado?&#8230;\u00bfImprovisaci\u00f3n, ignorancia o \u00e1nimo de enga\u00f1ar a la ciudadan\u00eda?.<o:p><\/o:p><\/FONT><\/SPAN><\/p>\n<p> <P class=MsoNormal style=\"BORDER-RIGHT: medium none; PADDING-RIGHT: 0cm; BORDER-TOP: medium none; PADDING-LEFT: 0cm; PADDING-BOTTOM: 0cm; MARGIN: 0cm 0cm 0pt; BORDER-LEFT: medium none; PADDING-TOP: 0cm; BORDER-BOTTOM: medium none; mso-border-bottom-alt: solid windowtext 1.5pt; mso-padding-alt: 0cm 0cm 1.0pt 0cm\"><SPAN style=\"FONT-SIZE: 16pt; COLOR: black\"><FONT face=\"Times New Roman\">.<o:p><\/o:p><\/FONT><\/SPAN><\/p>\n<p> <P class=MsoNormal style=\"BORDER-RIGHT: medium none; PADDING-RIGHT: 0cm; BORDER-TOP: medium none; PADDING-LEFT: 0cm; PADDING-BOTTOM: 0cm; MARGIN: 0cm 0cm 0pt; BORDER-LEFT: medium none; PADDING-TOP: 0cm; BORDER-BOTTOM: medium none; mso-border-bottom-alt: solid windowtext 1.5pt; mso-padding-alt: 0cm 0cm 1.0pt 0cm\"><SPAN style=\"FONT-SIZE: 16pt\"><FONT face=\"Times New Roman\">Para la puesta en marcha de este museo ha sido necesaria la desaparici\u00f3n f\u00edsica del Museo municipal de Calahorra, un<SPAN style=\"mso-spacerun: yes\"> <\/SPAN>ente cultural que ofrec\u00eda m\u00e1s de veinte exposiciones temporales al a\u00f1o, que han desaparecido de la oferta cultural. Un museo cuyos <SPAN style=\"mso-spacerun: yes\"><\/SPAN>fondos <SPAN style=\"mso-spacerun: yes\"><\/SPAN>-reunidos en los \u00faltimos veinticinco a\u00f1os- <SPAN style=\"mso-spacerun: yes\"><\/SPAN>no se sabe que destino van a ocupar a partir de este momento\u2026ni cual es su paradero.<o:p><\/o:p><\/FONT><\/SPAN><\/p>\n<p> <P class=MsoNormal style=\"BORDER-RIGHT: medium none; PADDING-RIGHT: 0cm; BORDER-TOP: medium none; PADDING-LEFT: 0cm; PADDING-BOTTOM: 0cm; MARGIN: 0cm 0cm 0pt; BORDER-LEFT: medium none; PADDING-TOP: 0cm; BORDER-BOTTOM: medium none; mso-border-bottom-alt: solid windowtext 1.5pt; mso-padding-alt: 0cm 0cm 1.0pt 0cm\"><SPAN style=\"FONT-SIZE: 16pt\"><FONT face=\"Times New Roman\">.<o:p><\/o:p><\/FONT><\/SPAN><\/p>\n<p> <P class=MsoNormal style=\"BORDER-RIGHT: medium none; PADDING-RIGHT: 0cm; BORDER-TOP: medium none; PADDING-LEFT: 0cm; PADDING-BOTTOM: 0cm; MARGIN: 0cm 0cm 0pt; BORDER-LEFT: medium none; PADDING-TOP: 0cm; BORDER-BOTTOM: medium none; mso-border-bottom-alt: solid windowtext 1.5pt; mso-padding-alt: 0cm 0cm 1.0pt 0cm\"><SPAN style=\"FONT-SIZE: 16pt\"><FONT face=\"Times New Roman\">En suma, ganamos un Museo de la Romanizaci\u00f3n (que pasa a ser propiedad de la Comunidad) y perdemos para siempre el Museo Municipal de Calahorra. Mala operaci\u00f3n cultural se\u00f1ores del equipo de gobierno\u2026muy mala. <o:p><\/o:p><\/FONT><\/SPAN><\/p>\n<p> <P class=MsoNormal style=\"BORDER-RIGHT: medium none; PADDING-RIGHT: 0cm; BORDER-TOP: medium none; PADDING-LEFT: 0cm; PADDING-BOTTOM: 0cm; MARGIN: 0cm 0cm 0pt; BORDER-LEFT: medium none; PADDING-TOP: 0cm; BORDER-BOTTOM: medium none; mso-border-bottom-alt: solid windowtext 1.5pt; mso-padding-alt: 0cm 0cm 1.0pt 0cm\"><SPAN style=\"FONT-SIZE: 16pt\"><FONT face=\"Times New Roman\">Quer\u00edan que Calahorra fuera la ciudad de los museos\u2026lo que no nos contaron es si de los prometidos y no cumplidos\u2026de los cerrados al p\u00fablico\u2026o sencillamente de los desaparecidos. <o:p><\/o:p><\/FONT><\/SPAN><\/p>\n<p> <P class=MsoNormal style=\"BORDER-RIGHT: medium none; PADDING-RIGHT: 0cm; BORDER-TOP: medium none; PADDING-LEFT: 0cm; PADDING-BOTTOM: 0cm; MARGIN: 0cm 0cm 0pt; BORDER-LEFT: medium none; PADDING-TOP: 0cm; BORDER-BOTTOM: medium none; mso-border-bottom-alt: solid windowtext 1.5pt; mso-padding-alt: 0cm 0cm 1.0pt 0cm\"><SPAN style=\"FONT-SIZE: 16pt\"><FONT face=\"Times New Roman\"><SPAN style=\"mso-spacerun: yes\"><\/SPAN><o:p><\/o:p><\/FONT><\/SPAN><\/p>\n<p> <P class=MsoNormal style=\"BORDER-RIGHT: medium none; PADDING-RIGHT: 0cm; BORDER-TOP: medium none; PADDING-LEFT: 0cm; PADDING-BOTTOM: 0cm; MARGIN: 0cm 0cm 0pt; BORDER-LEFT: medium none; PADDING-TOP: 0cm; BORDER-BOTTOM: medium none; mso-border-bottom-alt: solid windowtext 1.5pt; mso-padding-alt: 0cm 0cm 1.0pt 0cm\"><SPAN style=\"FONT-SIZE: 16pt\"><FONT face=\"Times New Roman\">En cultura ustedes no saben sumar. Han dejado varias muestras de ello a su paso por el Ayuntamiento. Adi\u00f3s al Museo Diocesano, al puente de hierro, al yacimiento del Sorban, <SPAN style=\"mso-spacerun: yes\"><\/SPAN>al Museo municipal\u2026a la historia de esta ciudad bimilenaria.<o:p><\/o:p><\/FONT><\/SPAN><\/p>\n<p><SPAN style=\"FONT-SIZE: 16pt\"><o:p><FONT face=\"Times New Roman\"><\/FONT><\/o:p><\/SPAN>*****(una prueba de la mentira en este enlace)<\/p>\n<p><A href=\"http:\/\/www.elcorreo.com\/vizcaya\/prensa\/20070428\/rioja\/museo-romanizacion-abrira-julio_20070428.html\"><FONT color=#000000>http:\/\/www.elcorreodigital.com\/vizcaya\/prensa\/20070428\/rioja\/museo-romanizacion-abrira-julio_20070428.html<\/FONT><\/A><\/p>\n<p> <P class=MsoNormal style=\"BORDER-RIGHT: medium none; PADDING-RIGHT: 0cm; BORDER-TOP: medium none; PADDING-LEFT: 0cm; PADDING-BOTTOM: 0cm; MARGIN: 0cm 0cm 0pt; BORDER-LEFT: medium none; PADDING-TOP: 0cm; BORDER-BOTTOM: medium none; mso-border-bottom-alt: solid windowtext 1.5pt; mso-padding-alt: 0cm 0cm 1.0pt 0cm\"><\/p>\n<p><\/DIV><\/p>\n","protected":false},"excerpt":{"rendered":"<p>Hoy se salda otra deuda electoral\u2026al tiempo que se pone en evidencia una vieja mentira m\u00e1s a a\u00f1adir a la larga lista. Se inaugura en Calahorra el \u201cMuseo de la Romanizaci\u00f3n en La Rioja\u201d\u2026as\u00ed se llamar\u00e1 la criatura. Un parto con ces\u00e1rea que ha necesitado de casi treinta meses de gestaci\u00f3n pese a que cuando [&hellip;]<\/p>\n","protected":false},"author":8872,"featured_media":0,"comment_status":"open","ping_status":"closed","sticky":false,"template":"","format":"standard","meta":[],"categories":[1],"tags":[1340,1400,1476,1776],"_links":{"self":[{"href":"https:\/\/blogs.larioja.com\/insolencias\/wp-json\/wp\/v2\/posts\/104"}],"collection":[{"href":"https:\/\/blogs.larioja.com\/insolencias\/wp-json\/wp\/v2\/posts"}],"about":[{"href":"https:\/\/blogs.larioja.com\/insolencias\/wp-json\/wp\/v2\/types\/post"}],"author":[{"embeddable":true,"href":"https:\/\/blogs.larioja.com\/insolencias\/wp-json\/wp\/v2\/users\/8872"}],"replies":[{"embeddable":true,"href":"https:\/\/blogs.larioja.com\/insolencias\/wp-json\/wp\/v2\/comments?post=104"}],"version-history":[{"count":0,"href":"https:\/\/blogs.larioja.com\/insolencias\/wp-json\/wp\/v2\/posts\/104\/revisions"}],"wp:attachment":[{"href":"https:\/\/blogs.larioja.com\/insolencias\/wp-json\/wp\/v2\/media?parent=104"}],"wp:term":[{"taxonomy":"category","embeddable":true,"href":"https:\/\/blogs.larioja.com\/insolencias\/wp-json\/wp\/v2\/categories?post=104"},{"taxonomy":"post_tag","embeddable":true,"href":"https:\/\/blogs.larioja.com\/insolencias\/wp-json\/wp\/v2\/tags?post=104"}],"curies":[{"name":"wp","href":"https:\/\/api.w.org\/{rel}","templated":true}]}}