{"id":106,"date":"2009-06-25T09:30:00","date_gmt":"2009-06-25T09:30:00","guid":{"rendered":"http:\/\/blogs.larioja.com\/insolencias\/?p=106"},"modified":"2009-06-25T09:30:00","modified_gmt":"2009-06-25T09:30:00","slug":"donde-estan-nueve-millones","status":"publish","type":"post","link":"https:\/\/blogs.larioja.com\/insolencias\/2009\/06\/25\/donde-estan-nueve-millones\/","title":{"rendered":"\u00bfD\u00f3nde est\u00e1n los nueve millones?"},"content":{"rendered":"<p><P class=MsoNormal style=\"MARGIN: 0cm 0cm 0pt\"><SPAN style=\"FONT-SIZE: 18pt\"><FONT face=\"Times New Roman\"><IMG class=imgizqda id=img_0 src=\"https:\/\/blogs.larioja.com\/insolencias\/files\/001CandidturaPP.jpg\"><\/FONT><\/SPAN><br \/>\n <P class=MsoNormal style=\"MARGIN: 0cm 0cm 0pt\"><SPAN style=\"FONT-SIZE: 18pt\"><?xml:namespace prefix = o ns = \"urn:schemas-microsoft-com:office:office\" \/><o:p><FONT face=\"Times New Roman\"><\/FONT><\/o:p><\/SPAN><\/p>\n<p> <P class=MsoNormal style=\"MARGIN: 0cm 0cm 0pt\"><SPAN style=\"FONT-SIZE: 18pt\"><FONT face=\"Times New Roman\">El Presidente del Gobierno de la Rioja, a la saz\u00f3n del Partido Popular, se desplaz\u00f3 la pasada navidad hasta Calahorra a felicitar a sus propios correligionarios. Alcalde, concejales del Partido Popular, afiliados y simpatizantes degustaron <SPAN style=\"mso-spacerun: yes\"><\/SPAN>(en el Parador) con agrado una copita de cava \u2013 posiblemente de Gr\u00e1valos- unos canap\u00e9s y un anuncio estrella.<o:p><\/o:p><\/FONT><\/SPAN><\/p>\n<p> <P class=MsoNormal style=\"MARGIN: 0cm 0cm 0pt\"><SPAN style=\"FONT-SIZE: 18pt\"><FONT face=\"Times New Roman\">Para esta ocasi\u00f3n (Eco de La Rioja 18\/12\/2008, p\u00e1gina 6) el patriarca riojano anunciaba a su clientela un compromiso . Seg\u00fan sus propias palabras, <SPAN style=\"mso-spacerun: yes\"><\/SPAN>para los primeros d\u00edas del mes de Enero de 2009 llegar\u00eda a Calahorra una monumental inversi\u00f3n\u2026espectacular, dir\u00eda yo. Nueve millones de euros \u2013 nada m\u00e1s y nada menos- . <\/FONT><\/SPAN><\/p>\n<p> <P class=MsoNormal style=\"MARGIN: 0cm 0cm 0pt\"><SPAN style=\"FONT-SIZE: 18pt\"><FONT face=\"Times New Roman\">Acompa\u00f1aba a Pedro Sanz en tan estelar actuaci\u00f3n el vocero Carlos Cuevas, que no sabemos si algo dijo\u2026es previsible que lo hiciera. <o:p><\/o:p><\/FONT><\/SPAN><\/p>\n<p> <P class=MsoNormal style=\"MARGIN: 0cm 0cm 0pt\"><SPAN style=\"FONT-SIZE: 18pt\"><FONT face=\"Times New Roman\">Afirm\u00f3 Sanz que dicha inversi\u00f3n ser\u00eda un magn\u00edfico regalo de reyes, pero la verdad es que sobrepasado ya el solsticio de verano, se nos va a avinagrar el turr\u00f3n esperando los nueve millones del Presidente\u2026que por si no lo saben no los iba a poner de su bolsillo, aunque a veces pareciera lo contrario.<\/FONT><\/SPAN><\/p>\n<p> <P class=MsoNormal style=\"MARGIN: 0cm 0cm 0pt\"><SPAN style=\"FONT-SIZE: 18pt\"><FONT face=\"Times New Roman\">.<o:p><\/o:p><\/FONT><\/SPAN><\/p>\n<p> <P class=MsoNormal style=\"MARGIN: 0cm 0cm 0pt\"><SPAN style=\"FONT-SIZE: 18pt\"><o:p><FONT face=\"Times New Roman\"><\/FONT><\/o:p><\/SPAN><\/p>\n<p> <P class=MsoNormal style=\"MARGIN: 0cm 0cm 0pt; mso-layout-grid-align: none\"><SPAN style=\"FONT-SIZE: 18pt\"><FONT face=\"Times New Roman\">En el entra\u00f1able acto, el alcalde Pagola (seg\u00fan recoge la cr\u00f3nica) <B style=\"mso-bidi-font-weight: normal\"><I style=\"mso-bidi-font-style: normal\">\u201cadem\u00e1s<SPAN style=\"mso-spacerun: yes\"> <\/SPAN>de felicitar la Navidad a todos los afiliados y simpatizantes<SPAN style=\"mso-spacerun: yes\"> <\/SPAN>presentes en este ya tradicional acto, les anim\u00f3 a seguir trabajando \u201ccodo con codo\u201d con el equipo de gobierno para seguir transformando la ciudad pese a todas las cr\u00edticas y trabas que les llegan a trav\u00e9s de la oposici\u00f3n.\u201d<\/I><\/B>\u2026cr\u00edticas que me parece van a ser lo \u00fanico que les llegue, ya que los nueve millones <SPAN style=\"mso-spacerun: yes\"><\/SPAN>no aparecen por ninguna parte.<o:p><\/o:p><\/FONT><\/SPAN><\/p>\n<p> <P class=MsoNormal style=\"MARGIN: 0cm 0cm 0pt; mso-layout-grid-align: none\"><SPAN style=\"FONT-SIZE: 18pt\"><FONT face=\"Times New Roman\">.<o:p><\/o:p><\/FONT><\/SPAN><\/p>\n<p> <P class=MsoNormal style=\"MARGIN: 0cm 0cm 0pt; mso-layout-grid-align: none\"><SPAN style=\"FONT-SIZE: 18pt\"><FONT face=\"Times New Roman\">\u00bfPorqu\u00e9 ser\u00e1 que la oposici\u00f3n critica tanto?&#8230;si no hay motivo alguno.<o:p><\/o:p><\/FONT><\/SPAN><\/p>\n","protected":false},"excerpt":{"rendered":"<p>El Presidente del Gobierno de la Rioja, a la saz\u00f3n del Partido Popular, se desplaz\u00f3 la pasada navidad hasta Calahorra a felicitar a sus propios correligionarios. Alcalde, concejales del Partido Popular, afiliados y simpatizantes degustaron (en el Parador) con agrado una copita de cava \u2013 posiblemente de Gr\u00e1valos- unos canap\u00e9s y un anuncio estrella. Para [&hellip;]<\/p>\n","protected":false},"author":8872,"featured_media":0,"comment_status":"open","ping_status":"closed","sticky":false,"template":"","format":"standard","meta":[],"categories":[1],"tags":[625,1364],"_links":{"self":[{"href":"https:\/\/blogs.larioja.com\/insolencias\/wp-json\/wp\/v2\/posts\/106"}],"collection":[{"href":"https:\/\/blogs.larioja.com\/insolencias\/wp-json\/wp\/v2\/posts"}],"about":[{"href":"https:\/\/blogs.larioja.com\/insolencias\/wp-json\/wp\/v2\/types\/post"}],"author":[{"embeddable":true,"href":"https:\/\/blogs.larioja.com\/insolencias\/wp-json\/wp\/v2\/users\/8872"}],"replies":[{"embeddable":true,"href":"https:\/\/blogs.larioja.com\/insolencias\/wp-json\/wp\/v2\/comments?post=106"}],"version-history":[{"count":0,"href":"https:\/\/blogs.larioja.com\/insolencias\/wp-json\/wp\/v2\/posts\/106\/revisions"}],"wp:attachment":[{"href":"https:\/\/blogs.larioja.com\/insolencias\/wp-json\/wp\/v2\/media?parent=106"}],"wp:term":[{"taxonomy":"category","embeddable":true,"href":"https:\/\/blogs.larioja.com\/insolencias\/wp-json\/wp\/v2\/categories?post=106"},{"taxonomy":"post_tag","embeddable":true,"href":"https:\/\/blogs.larioja.com\/insolencias\/wp-json\/wp\/v2\/tags?post=106"}],"curies":[{"name":"wp","href":"https:\/\/api.w.org\/{rel}","templated":true}]}}