{"id":107,"date":"2009-06-23T00:36:00","date_gmt":"2009-06-23T00:36:00","guid":{"rendered":"http:\/\/blogs.larioja.com\/insolencias\/?p=107"},"modified":"2009-06-23T00:36:00","modified_gmt":"2009-06-23T00:36:00","slug":"dignidad-los-muertos","status":"publish","type":"post","link":"https:\/\/blogs.larioja.com\/insolencias\/2009\/06\/23\/dignidad-los-muertos\/","title":{"rendered":"La dignidad de los muertos"},"content":{"rendered":"<p><P class=MsoNormal style=\"MARGIN: 0cm 0cm 0pt\"><SPAN style=\"FONT-SIZE: 18pt\"><FONT face=\"Times New Roman\"><IMG class=imgizqda id=img_0 src=\"https:\/\/blogs.larioja.com\/insolencias\/files\/00AAA.jpg\">Algo m\u00e1s que un gobierno ha cambiado en Euskadi. Algo m\u00e1s que un apellido por otro, que un idioma por otro.<\/FONT><\/SPAN><\/p>\n<p> <P class=MsoNormal style=\"MARGIN: 0cm 0cm 0pt\"><SPAN style=\"FONT-SIZE: 18pt\"><FONT face=\"Times New Roman\">En Euskadi ahora se habla una lengua hace d\u00e9cadas olvidada. M\u00e1s perseguida y ultrajada que el propio euskera. Se habla el lenguaje de la dignidad, la \u00e9tica y el respeto.<?xml:namespace prefix = o ns = \"urn:schemas-microsoft-com:office:office\" \/><o:p><\/o:p><\/FONT><\/SPAN><\/p>\n<p> <P class=MsoNormal style=\"MARGIN: 0cm 0cm 0pt\"><SPAN style=\"FONT-SIZE: 18pt\"><FONT face=\"Times New Roman\">En solo un mes han quedado atr\u00e1s las ambig\u00fcedades, el clasismo , la hipocres\u00eda\u2026las medias tintas, la permisividad, el Rh, <SPAN style=\"mso-spacerun: yes\"><\/SPAN>la ocultaci\u00f3n, la condescendencia\u2026la indiferencia.<o:p><\/o:p><\/FONT><\/SPAN><\/p>\n<p> <P class=MsoNormal style=\"MARGIN: 0cm 0cm 0pt\"><SPAN style=\"FONT-SIZE: 18pt\"><FONT face=\"Times New Roman\">Ya los muertos no tienen que esconderse, ni sus familias agachar la cabeza ante los asesinos- te\u00f3ricos y ejecutores-. <\/FONT><\/SPAN><\/p>\n<p> <P class=MsoNormal style=\"MARGIN: 0cm 0cm 0pt\"><SPAN style=\"FONT-SIZE: 18pt\"><FONT face=\"Times New Roman\">.<o:p><\/o:p><\/FONT><\/SPAN><\/p>\n<p> <P class=MsoNormal style=\"MARGIN: 0cm 0cm 0pt\"><SPAN style=\"FONT-SIZE: 18pt\"><FONT face=\"Times New Roman\">Seguir\u00e1n matando, pero los asesinados levantaran la cabeza. Sus familias se sentir\u00e1n respaldadas y acompa\u00f1adas por el Gobierno Vasco, y dar\u00e1n gracias por ello. <o:p><\/o:p><\/FONT><\/SPAN><\/p>\n<p> <P class=MsoNormal style=\"MARGIN: 0cm 0cm 0pt\"><SPAN style=\"FONT-SIZE: 18pt\"><FONT face=\"Times New Roman\">La t\u00edpica foto -en blanco y negro- <SPAN style=\"mso-spacerun: yes\"><\/SPAN>ya no es la del psic\u00f3pata asesino, sino la de su v\u00edctima.<o:p><\/o:p><\/FONT><\/SPAN><\/p>\n<p> <P class=MsoNormal style=\"MARGIN: 0cm 0cm 0pt\"><SPAN style=\"FONT-SIZE: 18pt\"><FONT face=\"Times New Roman\">El chistu rasga el silencio y el aurresku es -a partir de hoy- <SPAN style=\"mso-spacerun: yes\"><\/SPAN>en honor del h\u00e9roe verdadero y no del verdugo cobarde y miserable.<\/FONT><\/SPAN><\/p>\n<p> <P class=MsoNormal style=\"MARGIN: 0cm 0cm 0pt\"><SPAN style=\"FONT-SIZE: 18pt\"><FONT face=\"Times New Roman\">.<o:p><\/o:p><\/FONT><\/SPAN><\/p>\n<p> <P class=MsoNormal style=\"MARGIN: 0cm 0cm 0pt\"><SPAN style=\"FONT-SIZE: 18pt\"><FONT face=\"Times New Roman\">Algo ha cambiado en Euskadi&#8230;y viene de la mano de un tal L\u00f3pez.<\/FONT><\/SPAN><\/p>\n<p> <P class=MsoNormal style=\"MARGIN: 0cm 0cm 0pt\"><SPAN style=\"FONT-SIZE: 18pt\"><o:p><FONT face=\"Times New Roman\"><\/FONT><\/o:p><\/SPAN><\/p>\n<p> <P class=MsoNormal style=\"MARGIN: 0cm 0cm 0pt\"><SPAN style=\"FONT-SIZE: 18pt\"><o:p><FONT face=\"Times New Roman\"><\/FONT><\/o:p><\/SPAN><\/p>\n<p> <P class=MsoNormal style=\"MARGIN: 0cm 0cm 0pt\"><SPAN style=\"FONT-SIZE: 18pt\"><o:p><FONT face=\"Times New Roman\"><\/FONT><\/o:p><\/SPAN><\/p>\n<p> <P class=MsoNormal style=\"MARGIN: 0cm 0cm 0pt\"><SPAN style=\"FONT-SIZE: 18pt\"><o:p><FONT face=\"Times New Roman\"><\/FONT><\/o:p><\/SPAN><\/p>\n","protected":false},"excerpt":{"rendered":"<p>Algo m\u00e1s que un gobierno ha cambiado en Euskadi. Algo m\u00e1s que un apellido por otro, que un idioma por otro. En Euskadi ahora se habla una lengua hace d\u00e9cadas olvidada. M\u00e1s perseguida y ultrajada que el propio euskera. Se habla el lenguaje de la dignidad, la \u00e9tica y el respeto. En solo un mes [&hellip;]<\/p>\n","protected":false},"author":8872,"featured_media":0,"comment_status":"open","ping_status":"closed","sticky":false,"template":"","format":"standard","meta":[],"categories":[1],"tags":[673,1387,1733],"_links":{"self":[{"href":"https:\/\/blogs.larioja.com\/insolencias\/wp-json\/wp\/v2\/posts\/107"}],"collection":[{"href":"https:\/\/blogs.larioja.com\/insolencias\/wp-json\/wp\/v2\/posts"}],"about":[{"href":"https:\/\/blogs.larioja.com\/insolencias\/wp-json\/wp\/v2\/types\/post"}],"author":[{"embeddable":true,"href":"https:\/\/blogs.larioja.com\/insolencias\/wp-json\/wp\/v2\/users\/8872"}],"replies":[{"embeddable":true,"href":"https:\/\/blogs.larioja.com\/insolencias\/wp-json\/wp\/v2\/comments?post=107"}],"version-history":[{"count":0,"href":"https:\/\/blogs.larioja.com\/insolencias\/wp-json\/wp\/v2\/posts\/107\/revisions"}],"wp:attachment":[{"href":"https:\/\/blogs.larioja.com\/insolencias\/wp-json\/wp\/v2\/media?parent=107"}],"wp:term":[{"taxonomy":"category","embeddable":true,"href":"https:\/\/blogs.larioja.com\/insolencias\/wp-json\/wp\/v2\/categories?post=107"},{"taxonomy":"post_tag","embeddable":true,"href":"https:\/\/blogs.larioja.com\/insolencias\/wp-json\/wp\/v2\/tags?post=107"}],"curies":[{"name":"wp","href":"https:\/\/api.w.org\/{rel}","templated":true}]}}