{"id":109,"date":"2009-06-30T03:21:00","date_gmt":"2009-06-30T03:21:00","guid":{"rendered":"http:\/\/blogs.larioja.com\/insolencias\/?p=109"},"modified":"2009-06-30T03:21:00","modified_gmt":"2009-06-30T03:21:00","slug":"ya-era-hora-pero-es-suficiente","status":"publish","type":"post","link":"https:\/\/blogs.larioja.com\/insolencias\/2009\/06\/30\/ya-era-hora-pero-es-suficiente\/","title":{"rendered":"Ya era hora, pero no es suficiente"},"content":{"rendered":"<p><P class=MsoNormal style=\"MARGIN: 0cm 0cm 0pt\"><SPAN style=\"FONT-SIZE: 14pt\"><FONT face=\"Times New Roman\"><IMG class=imgizqda id=img_0 src=\"https:\/\/blogs.larioja.com\/insolencias\/files\/0001.jpg\"><\/FONT><\/SPAN><br \/>\n<SPAN style=\"FONT-SIZE: 14pt\"><FONT face=\"Times New Roman\">Pedro Sanz ha decidido decapitar un exiguo ramillete de amancebados pol\u00edticos del dinero p\u00fablico. Una escarda est\u00e9tica. <\/FONT><\/SPAN><\/p>\n<p> <P class=MsoNormal style=\"MARGIN: 0cm 0cm 0pt\"><SPAN style=\"FONT-SIZE: 14pt\"><FONT face=\"Times New Roman\">No me dan ninguna pena las y los defenestrados, ya que seguramente les habr\u00e1n buscado un retiro dorado, o en el peor de los casos, su regreso al puesto de trabajo abandonado <SPAN style=\"mso-spacerun: yes\"><\/SPAN>se lo habr\u00e1n acolchado durante la ausencia\u2026 para amortiguar el aterrizaje. Han quedado m\u00e1s que suficientes. Para gobernar hacen falta altos cargos.<\/FONT><\/SPAN><\/p>\n<p> <P class=MsoNormal style=\"MARGIN: 0cm 0cm 0pt\"><SPAN style=\"FONT-SIZE: 14pt\"><FONT face=\"Times New Roman\">Aunque explicado as\u00ed puede dar la impresi\u00f3n de que tal abluci\u00f3n ha sido por iniciativa presidencial\u2026nada m\u00e1s alejado de la realidad.<IMG class=imgizqda id=img_1 src=\"https:\/\/blogs.larioja.com\/insolencias\/files\/000.jpg\"><?xml:namespace prefix = o ns = \"urn:schemas-microsoft-com:office:office\" \/><o:p><\/o:p><\/FONT><\/SPAN><\/p>\n<p> <P class=MsoNormal style=\"MARGIN: 0cm 0cm 0pt\"><SPAN style=\"FONT-SIZE: 14pt\"><FONT face=\"Times New Roman\">Ha sido gracias a que el Secretario General de los socialistas riojanos \u2013 Francisco Mart\u00ednez-Aldama- se despach\u00f3 acusando a Sanz de mantener una manga de altos cargos\u2026asalariados pol\u00edticos y otros est\u00f3magos agradecidos, insostenible para el erario p\u00fablico. Al parecer son legi\u00f3n&#8230;al menos 140.<o:p><\/o:p><\/FONT><\/SPAN><\/p>\n<p> <P class=MsoNormal style=\"MARGIN: 0cm 0cm 0pt\"><SPAN style=\"FONT-SIZE: 14pt\"><FONT face=\"Times New Roman\">Defendiendo a Sanz con mentiras -tal es su costumbre- sali\u00f3 el vocero, diciendo seg\u00fan la prensa recoge :<\/FONT><\/SPAN><\/p>\n<p> <P class=MsoNormal style=\"BACKGROUND: white; MARGIN: 0cm 0cm 0pt; LINE-HEIGHT: 130%\"><SPAN style=\"FONT-SIZE: 14pt; COLOR: #666666; LINE-HEIGHT: 130%\"><FONT face=\"Times New Roman\"><SPAN style=\"mso-spacerun: yes\"><\/SPAN><\/FONT><\/SPAN><\/p>\n<p> <P class=MsoNormal style=\"BACKGROUND: white; MARGIN: 0cm 0cm 0pt; LINE-HEIGHT: 130%\"><SPAN style=\"FONT-SIZE: 14pt; COLOR: #666666; LINE-HEIGHT: 130%\"><FONT face=\"Times New Roman\"><\/FONT><\/SPAN><\/p>\n<p> <P class=MsoNormal style=\"BACKGROUND: white; MARGIN: 0cm 0cm 0pt; LINE-HEIGHT: 130%\"><SPAN style=\"FONT-SIZE: 14pt; COLOR: #666666; LINE-HEIGHT: 130%\"><FONT face=\"Times New Roman\"><\/FONT><\/SPAN><\/p>\n<p> <P class=MsoNormal style=\"BACKGROUND: white; MARGIN: 0cm 0cm 0pt; LINE-HEIGHT: 130%\"><SPAN style=\"FONT-SIZE: 14pt; COLOR: #666666; LINE-HEIGHT: 130%\"><FONT face=\"Times New Roman\">\u201cPor su parte, el secretario general del PP, Carlos Cuevas, asegur\u00f3 que Aldama \u00abmiente, porque los altos cargos son 66, menos que los que tuvo el Gobierno de coalici\u00f3n PSOE-PR,\u201d<\/FONT><\/SPAN><\/p>\n<p> <P class=MsoNormal style=\"BACKGROUND: white; MARGIN: 0cm 0cm 0pt; LINE-HEIGHT: 130%\"><SPAN style=\"FONT-SIZE: 14pt; COLOR: #666666; LINE-HEIGHT: 130%\"><FONT face=\"Times New Roman\">.<o:p><\/o:p><\/FONT><\/SPAN><\/p>\n<p> <P class=MsoNormal style=\"MARGIN: 0cm 0cm 0pt\"><SPAN style=\"FONT-SIZE: 14pt\"><FONT face=\"Times New Roman\">Denotando con estas declaraciones su demostrada <SPAN style=\"mso-spacerun: yes\"><\/SPAN>ignorancia o su ya m\u00edtica afici\u00f3n a atentar contra la verdad, <SPAN style=\"mso-spacerun: yes\"><\/SPAN>ya que en la antesala de las elecciones auton\u00f3micas de 1995, el propio Partido Popular cargaba las tintas contra los \u201c<I style=\"mso-bidi-font-style: normal\">abundantes altos cargos del gobierno socialista de P\u00e9rez S\u00e1enz\u201d<\/I>, que en ese a\u00f1o<SPAN style=\"mso-spacerun: yes\"> <\/SPAN>contaba con un total de 40 altos cargos designados. Un Presidente, nueve Consejeros, nueve Secretarios t\u00e9cnicos, dos<SPAN style=\"mso-spacerun: yes\"> <\/SPAN>Secretarios Generales y diecinueve Directores Generales.<o:p><\/o:p><\/FONT><\/SPAN><\/p>\n<p> <P class=MsoNormal style=\"MARGIN: 0cm 0cm 0pt\"><SPAN style=\"FONT-SIZE: 14pt\"><FONT face=\"Times New Roman\">Incluso cabe destacar que seg\u00fan publicaba el Diario EL MUNDO, en su edici\u00f3n del 10 de enero de 1994, era Jos\u00e9 Ignacio P\u00e9rez S\u00e1enz el alto cargo de Espa\u00f1a con un sueldo m\u00e1s bajo\u2026sus consejeros los peor pagados de todo el Estado y su gobierno uno de los de menor n\u00famero de altos cargos, entre las 17 Comunidades aut\u00f3nomas. <SPAN style=\"FONT-SIZE: 14pt\"><FONT face=\"Times New Roman\"><IMG class=imgizqda id=img_2 src=\"https:\/\/blogs.larioja.com\/insolencias\/files\/0000.jpg\"><\/FONT><\/SPAN>Y no me invento nada.<\/FONT><\/SPAN><br \/>\n <P class=MsoNormal style=\"MARGIN: 0cm 0cm 0pt\"><SPAN style=\"FONT-SIZE: 14pt\"><A href=\"http:\/\/www.elmundo.es\/papel\/hemeroteca\/1994\/01\/10\/nacional\/2907.html\"><FONT face=\"Times New Roman\">http:\/\/www.elmundo.es\/papel\/hemeroteca\/1994\/01\/10\/nacional\/2907.html<\/FONT><\/A><\/SPAN><\/p>\n<p> <P class=MsoNormal style=\"MARGIN: 0cm 0cm 0pt\"><SPAN style=\"FONT-SIZE: 14pt\">.<o:p><\/o:p><\/SPAN><\/p>\n<p> <P class=MsoNormal style=\"MARGIN: 0cm 0cm 0pt\"><SPAN style=\"FONT-SIZE: 14pt\"><o:p><FONT face=\"Times New Roman\"><\/FONT><\/o:p><\/SPAN><\/p>\n<p> <P class=MsoNormal style=\"MARGIN: 0cm 0cm 0pt\"><SPAN style=\"FONT-SIZE: 14pt\"><FONT face=\"Times New Roman\">Los populares, con Pedro Sanz a la cabeza, <SPAN style=\"mso-spacerun: yes\"><\/SPAN>prometieron que de ganar ellos las elecciones de 1995 acabar\u00edan con lo que tildaron de \u201c<I style=\"mso-bidi-font-style: normal\">org\u00eda de elefantes<\/I>\u201d. <SPAN style=\"mso-spacerun: yes\"><\/SPAN><o:p><\/o:p><\/FONT><\/SPAN><\/p>\n<p> <P class=MsoNormal style=\"MARGIN: 0cm 0cm 0pt\"><SPAN style=\"FONT-SIZE: 14pt\"><FONT face=\"Times New Roman\">\u00bfY que pas\u00f3?&#8230;se lo voy a contar rescatando una parte del art\u00edculo publicado por el DIARIO LA RIOJA el 30 de octubre de 2006, en la Tribuna de La Rioja:<\/FONT><\/SPAN><\/p>\n<p> <P class=MsoNormal style=\"MARGIN: 0cm 0cm 0pt\"><SPAN style=\"FONT-SIZE: 14pt\"><FONT face=\"Times New Roman\">.<o:p><\/o:p><\/FONT><\/SPAN><\/p>\n<p> <P class=MsoNormal style=\"MARGIN: 0cm 0cm 0pt\"><SPAN style=\"FONT-SIZE: 14pt\"><o:p><FONT face=\"Times New Roman\"><\/p>\n<p> <P class=MsoNormal style=\"MARGIN: 0cm 0cm 0pt\"><I style=\"mso-bidi-font-style: normal\"><SPAN style=\"FONT-SIZE: 14pt; FONT-FAMILY: Arial\">\u201cPedro Sanz inicia su etapa de gobierno con un ejecutivo compuesto por <SPAN style=\"mso-spacerun: yes\"><\/SPAN>27 Altos cargos. Un Presidente, seis Consejeros y sus respectivos Secretarios T\u00e9cnicos, trece Directores Generales y un Secretario General.<SPAN style=\"mso-spacerun: yes\"> <\/SPAN><o:p><\/o:p><\/SPAN><\/I><\/p>\n<p> <P class=MsoNormal style=\"MARGIN: 0cm 0cm 0pt\"><I style=\"mso-bidi-font-style: normal\"><SPAN style=\"FONT-SIZE: 14pt; FONT-FAMILY: Arial\">Ocho a\u00f1os m\u00e1s tarde el n\u00famero de <SPAN style=\"mso-spacerun: yes\"><\/SPAN>altos cargos del<SPAN style=\"mso-spacerun: yes\"> <\/SPAN>\u00faltimo gobierno de La Rioja formado por Pedro Sanz en 2003 se elev\u00f3 a 55. <o:p><\/o:p><\/SPAN><\/I><\/p>\n<p> <P class=MsoBodyText style=\"MARGIN: 0cm 0cm 0pt\"><I style=\"mso-bidi-font-style: normal\"><SPAN style=\"FONT-FAMILY: Arial; mso-bidi-font-size: 14.0pt\">Un Presidente, 9 Consejeros, otros tantos Secretarios t\u00e9cnicos, 25 Directores Generales, y 11 Subdirectores Generales. <o:p><\/o:p><\/SPAN><\/I><\/p>\n<p> <P class=MsoBodyText style=\"MARGIN: 0cm 0cm 0pt\"><I style=\"mso-bidi-font-style: normal\"><SPAN style=\"FONT-FAMILY: Arial; mso-bidi-font-size: 14.0pt\"><SPAN style=\"mso-spacerun: yes\"><\/SPAN>El personal eventual de libre designaci\u00f3n pas\u00f3 en 2004 de 41 a 54 personas, un aumento del 31,7%. Con lo que el incremento total del<SPAN style=\"mso-spacerun: yes\"> <\/SPAN>personal de confianza (consejeros, directores, subdirectores, secretarios t\u00e9cnicos y asesores varios)<SPAN style=\"mso-spacerun: yes\"> <\/SPAN>pas\u00f3 de 79 personas a 112, experimentando un aumento del 41\u00b48 %. No qued\u00f3 all\u00ed la cosa, pues se crearon nuevos puestos \u201cdigitales\u201d, en concreto 5 gerentes de sociedades p\u00fablicas y 4 m\u00e1s de fundaciones. No contentos con el aumento, tambi\u00e9n se auto-aumentaron el sueldo, en concreto lo subieron de golpe y porrazo un 50\u00b480% para los altos cargos, y un 44,36% para el personal eventual de confianza. (Diario La Rioja 9-11-2003)<o:p><\/o:p><\/SPAN><\/I><\/p>\n<p> <P class=MsoBodyText style=\"MARGIN: 0cm 0cm 0pt\"><I style=\"mso-bidi-font-style: normal\"><SPAN style=\"FONT-FAMILY: Arial; mso-bidi-font-size: 14.0pt\"><SPAN style=\"mso-spacerun: yes\"><\/SPAN><SPAN style=\"mso-spacerun: yes\"><\/SPAN>Pero no queda ah\u00ed la cosa. Por sorprendente que parezca, a d\u00eda de hoy -tres a\u00f1os despu\u00e9s, (30-10-2006) y sin mediar elecciones o cambios de gobierno- <SPAN style=\"mso-spacerun: yes\"><\/SPAN>los altos cargos pol\u00edticos<SPAN style=\"mso-spacerun: yes\"> <\/SPAN>y<SPAN style=\"mso-spacerun: yes\"> <\/SPAN>puestos <SPAN style=\"mso-spacerun: yes\"><\/SPAN>de confianza han vuelto a crecer, y pasado por arte de birlibirloque a ser cerca de 130, (ya que el n\u00famero exacto no lo sabe ni Dios).<SPAN style=\"mso-spacerun: yes\"> <\/SPAN><SPAN style=\"mso-spacerun: yes\"><\/SPAN><SPAN style=\"mso-spacerun: yes\"><\/SPAN><o:p><\/o:p><\/SPAN><\/I><\/p>\n<p> <P class=MsoBodyText style=\"MARGIN: 0cm 0cm 0pt\"><I style=\"mso-bidi-font-style: normal\"><SPAN style=\"FONT-FAMILY: Arial; mso-bidi-font-size: 14.0pt\"><SPAN style=\"mso-spacerun: yes\"><\/SPAN>Los 64<SPAN style=\"mso-spacerun: yes\"> <\/SPAN>altos cargos actuales \u2013 sin contar a los asesores, gerentes, ni puestos de confianza, etc- cuestan anualmente a nuestras arcas 585 millones de pesetas, a raz\u00f3n de una media de 9 millones de pesetas por alto cargo. M\u00f3dico sueldo al que habr\u00eda que a\u00f1adir las dietas, kilometrajes y otras retribuciones especiales. Estas dietas pueden superar en algunos casos los <SPAN style=\"mso-spacerun: yes\"><\/SPAN>2 millones de pesetas <SPAN style=\"mso-spacerun: yes\"><\/SPAN>al a\u00f1o por alto cargo.<o:p><\/o:p><\/SPAN><\/I><\/p>\n<p> <P class=MsoBodyText style=\"MARGIN: 0cm 0cm 0pt\"><I style=\"mso-bidi-font-style: normal\"><SPAN style=\"FONT-FAMILY: Arial; mso-bidi-font-size: 14.0pt\">Es decir, si volvemos a los 27 altos cargos del Gobierno Sanz en 1995, nos ahorrar\u00edamos unos 500 millones de pesetas al a\u00f1o. No quiero hacer cuentas con los restantes puestos de libre designaci\u00f3n, pues me dar\u00edan las cinco de la madrugada.<o:p><\/o:p><\/SPAN><\/I><\/p>\n<p> <P class=MsoBodyText style=\"MARGIN: 0cm 0cm 0pt\"><I style=\"mso-bidi-font-style: normal\"><SPAN style=\"FONT-FAMILY: Arial; mso-bidi-font-size: 14.0pt\"><SPAN style=\"mso-spacerun: yes\"><\/SPAN><o:p><\/o:p><\/SPAN><\/I><\/p>\n<p> <P class=MsoBodyText style=\"MARGIN: 0cm 0cm 0pt\"><I style=\"mso-bidi-font-style: normal\"><SPAN style=\"FONT-FAMILY: Arial; mso-bidi-font-size: 14.0pt\"><SPAN style=\"mso-spacerun: yes\"><\/SPAN><SPAN style=\"mso-spacerun: yes\"><\/SPAN>Igual de bien -o de mal- gobern\u00f3 Pedro Sanz con 27 altos cargos <SPAN style=\"mso-spacerun: yes\"><\/SPAN>en 1995, que con 64 en la actualidad. \u00bfA qu\u00e9 se debe este aumento del 140%?&#8221;&#8230; <o:p><\/o:p><\/SPAN><\/I><\/p>\n<p> <P class=MsoNormal style=\"MARGIN: 0cm 0cm 0pt\"><I style=\"mso-bidi-font-style: normal\"><SPAN style=\"FONT-SIZE: 14pt; FONT-FAMILY: Arial\"><o:p><\/o:p><\/SPAN><\/I><\/p>\n<p> <P class=MsoNormal style=\"MARGIN: 0cm 0cm 0pt\"><I style=\"mso-bidi-font-style: normal\"><SPAN style=\"FONT-SIZE: 14pt; FONT-FAMILY: Arial\"><o:p><\/o:p><\/SPAN><\/I><\/p>\n<p> <P class=MsoNormal style=\"MARGIN: 0cm 0cm 0pt\"><\/FONT><\/o:p><\/SPAN><\/p>\n","protected":false},"excerpt":{"rendered":"<p>Pedro Sanz ha decidido decapitar un exiguo ramillete de amancebados pol\u00edticos del dinero p\u00fablico. Una escarda est\u00e9tica. No me dan ninguna pena las y los defenestrados, ya que seguramente les habr\u00e1n buscado un retiro dorado, o en el peor de los casos, su regreso al puesto de trabajo abandonado se lo habr\u00e1n acolchado durante la [&hellip;]<\/p>\n","protected":false},"author":8872,"featured_media":0,"comment_status":"open","ping_status":"closed","sticky":false,"template":"","format":"standard","meta":[],"categories":[1],"tags":[118,351,1339],"_links":{"self":[{"href":"https:\/\/blogs.larioja.com\/insolencias\/wp-json\/wp\/v2\/posts\/109"}],"collection":[{"href":"https:\/\/blogs.larioja.com\/insolencias\/wp-json\/wp\/v2\/posts"}],"about":[{"href":"https:\/\/blogs.larioja.com\/insolencias\/wp-json\/wp\/v2\/types\/post"}],"author":[{"embeddable":true,"href":"https:\/\/blogs.larioja.com\/insolencias\/wp-json\/wp\/v2\/users\/8872"}],"replies":[{"embeddable":true,"href":"https:\/\/blogs.larioja.com\/insolencias\/wp-json\/wp\/v2\/comments?post=109"}],"version-history":[{"count":0,"href":"https:\/\/blogs.larioja.com\/insolencias\/wp-json\/wp\/v2\/posts\/109\/revisions"}],"wp:attachment":[{"href":"https:\/\/blogs.larioja.com\/insolencias\/wp-json\/wp\/v2\/media?parent=109"}],"wp:term":[{"taxonomy":"category","embeddable":true,"href":"https:\/\/blogs.larioja.com\/insolencias\/wp-json\/wp\/v2\/categories?post=109"},{"taxonomy":"post_tag","embeddable":true,"href":"https:\/\/blogs.larioja.com\/insolencias\/wp-json\/wp\/v2\/tags?post=109"}],"curies":[{"name":"wp","href":"https:\/\/api.w.org\/{rel}","templated":true}]}}