{"id":113,"date":"2009-07-14T13:54:00","date_gmt":"2009-07-14T13:54:00","guid":{"rendered":"http:\/\/blogs.larioja.com\/insolencias\/?p=113"},"modified":"2009-07-14T13:54:00","modified_gmt":"2009-07-14T13:54:00","slug":"por-os-cuesta-tanto-reconocerlo","status":"publish","type":"post","link":"https:\/\/blogs.larioja.com\/insolencias\/2009\/07\/14\/por-os-cuesta-tanto-reconocerlo\/","title":{"rendered":"\u00bfPor qu\u00e9 os cuesta tanto reconocerlo?"},"content":{"rendered":"<p><P class=MsoNormal style=\"MARGIN: 0cm 0cm 0pt\"><SPAN style=\"FONT-SIZE: 16pt\"><FONT face=\"Times New Roman\"><IMG class=imgizqda id=img_0 src=\"https:\/\/blogs.larioja.com\/insolencias\/files\/desprecio.jpg\"><\/FONT><\/SPAN><\/p>\n<p> <P class=MsoNormal style=\"MARGIN: 0cm 0cm 0pt\"><SPAN style=\"FONT-SIZE: 16pt\"><?xml:namespace prefix = o ns = \"urn:schemas-microsoft-com:office:office\" \/><o:p><FONT face=\"Times New Roman\"><\/FONT><\/o:p><\/SPAN><\/p>\n<p> <P class=MsoNormal style=\"MARGIN: 0cm 0cm 0pt\"><SPAN style=\"FONT-SIZE: 16pt\"><o:p><FONT face=\"Times New Roman\"><\/FONT><\/o:p><\/SPAN><SPAN style=\"FONT-SIZE: 16pt\"><FONT face=\"Times New Roman\">El primer alcalde de la democracia \u2013 Ernesto S\u00e1enz- , me cuenta en ocasiones, que cuando form\u00f3 gobierno, (tras las primeras elecciones municipales libres <SPAN style=\"mso-spacerun: yes\"><\/SPAN>en m\u00e1s de cuarenta a\u00f1os), tuvo que dividir las \u00e1reas de gesti\u00f3n del municipio entre sus concejales, pero no solo entre los de su propio partido\u2026\u00a1entre todos!.<o:p><\/o:p><\/FONT><\/SPAN><\/p>\n<p> <P class=MsoNormal style=\"MARGIN: 0cm 0cm 0pt\"><SPAN style=\"FONT-SIZE: 16pt\"><FONT face=\"Times New Roman\">A cada concejal le asign\u00f3 un \u00e1rea. El trabajo por desarrollar era mucho y entend\u00eda que <SPAN style=\"mso-spacerun: yes\"><\/SPAN>cada uno de aquellos ediles -all\u00ed sentados por voluntad de los ciudadanos-, <SPAN style=\"mso-spacerun: yes\"><\/SPAN>deb\u00edan realizar alguna tarea. <SPAN style=\"mso-spacerun: yes\"><\/SPAN><o:p><\/o:p><\/FONT><\/SPAN><\/p>\n<p> <P class=MsoNormal style=\"MARGIN: 0cm 0cm 0pt\"><SPAN style=\"FONT-SIZE: 16pt\"><FONT face=\"Times New Roman\">A Ernesto ni se le pas\u00f3 por la cabeza la posibilidad de dejar a la mitad del consistorio -mano sobre mano- por no ser de su partido.<o:p><\/o:p><\/FONT><\/SPAN><\/p>\n<p> <P class=MsoNormal style=\"MARGIN: 0cm 0cm 0pt\"><SPAN style=\"FONT-SIZE: 16pt\"><FONT face=\"Times New Roman\">Incluso a la hora de formar su Comisi\u00f3n de Gobierno, lejos de poner en la misma a todos los concejales de su formaci\u00f3n, dio entrada al portavoz de cada uno del resto de partidos representados en el consistorio. <o:p><\/o:p><\/FONT><\/SPAN><\/p>\n<p> <P class=MsoNormal style=\"MARGIN: 0cm 0cm 0pt\"><SPAN style=\"FONT-SIZE: 16pt\"><FONT face=\"Times New Roman\">En aquellos tiempos <SPAN style=\"mso-spacerun: yes\"><\/SPAN>-seg\u00fan cuenta- se trabajaba en equipo. No se desperdiciaba el potencial ni la experiencia de nadie. <SPAN style=\"mso-spacerun: yes\"><\/SPAN>Las propuestas de la oposici\u00f3n se estudiaban y si se consideraban positivas para la ciudad se apoyaban por todos y eran puestas en marcha\u2026.pero esos tiempos han pasado a mejor vida.<o:p><\/o:p><\/FONT><\/SPAN><\/p>\n<p> <P class=MsoNormal style=\"MARGIN: 0cm 0cm 0pt\"><SPAN style=\"FONT-SIZE: 16pt\"><o:p><FONT face=\"Times New Roman\"><\/FONT><\/o:p><\/SPAN><\/p>\n<p> <P class=MsoNormal style=\"MARGIN: 0cm 0cm 0pt\"><SPAN style=\"FONT-SIZE: 16pt\"><FONT face=\"Times New Roman\">Con el paso de los a\u00f1os esa colaboraci\u00f3n entre formaciones pol\u00edticas ha ido desapareciendo\u2026diluy\u00e9ndose en el recuerdo.<o:p><\/o:p><\/FONT><\/SPAN><\/p>\n<p> <P class=MsoNormal style=\"MARGIN: 0cm 0cm 0pt\"><SPAN style=\"FONT-SIZE: 16pt\"><FONT face=\"Times New Roman\">Ahora, <SPAN style=\"mso-spacerun: yes\"><\/SPAN>-no solo- no se cuenta para nada con la oposici\u00f3n, desperdiciando para el desarrollo de la ciudad la aportaci\u00f3n de la mitad menos uno del consistorio&#8230;no. <SPAN style=\"mso-spacerun: yes\"><\/SPAN>En estos momentos en el Ayuntamiento de Calahorra han llegado a tal extremo que son incapaces de votar favorablemente cualquier propuesta que desde los grupos de la oposici\u00f3n se les presente, con independencia de que la misma sea positiva para la ciudad y los ciudadanos.<o:p><\/o:p><\/FONT><\/SPAN><\/p>\n<p> <P class=MsoNormal style=\"MARGIN: 0cm 0cm 0pt\"><SPAN style=\"FONT-SIZE: 16pt\"><FONT face=\"Times New Roman\">El \u00faltimo ejemplo se ha producido hoy mismo. El alcalde y su concejala de Servicios Sociales presentaban a la prensa una interesante iniciativa\u2026un comedor social. Algo que el PSOE ya hab\u00eda propuesto hace un a\u00f1o junto con otras medidas que igualmente fueron rechazadas y ridiculizadas por la propia concejala y su alcalde\u2026entre ellas el comedor social.<o:p><\/o:p><\/FONT><\/SPAN><\/p>\n<p> <P class=MsoNormal style=\"MARGIN: 0cm 0cm 0pt\"><SPAN style=\"FONT-SIZE: 16pt\"><FONT face=\"Times New Roman\">Si consideraban que era una idea interesante\u2026 \u00bfpor qu\u00e9 <SPAN style=\"mso-spacerun: yes\"><\/SPAN>les cuesta tanto reconocer las cosas en su momento? <o:p><\/o:p><\/FONT><\/SPAN><\/p>\n<p> <P class=MsoNormal style=\"MARGIN: 0cm 0cm 0pt\"><SPAN style=\"FONT-SIZE: 16pt\"><FONT face=\"Times New Roman\">Calahorra no necesitaba hace un a\u00f1o un comedor social <SPAN style=\"mso-spacerun: yes\"><\/SPAN>y era una propuesta descabellada para esta ciudad del PP. Una ciudad megaguay <SPAN style=\"mso-spacerun: yes\"><\/SPAN>sin problemas, donde todo funciona chiripitifla\u00faticamente y los pobres -o no existen-, <SPAN style=\"mso-spacerun: yes\"><\/SPAN>o se visten con polos verdes de Lacoste. <o:p><\/o:p><\/FONT><\/SPAN><\/p>\n<p> <P class=MsoNormal style=\"MARGIN: 0cm 0cm 0pt\"><SPAN style=\"FONT-SIZE: 16pt\"><FONT face=\"Times New Roman\">Ahora parece ser que ya no es tan descabellada\u2026\u00bfa qui\u00e9n creen que enga\u00f1an?&#8230;pues tan solo a los que quieran ser enga\u00f1ados. <o:p><\/o:p><\/FONT><\/SPAN><\/p>\n<p> <P class=MsoNormal style=\"MARGIN: 0cm 0cm 0pt\"><SPAN style=\"FONT-SIZE: 16pt\"><FONT face=\"Times New Roman\">Si lo hubieran hecho el a\u00f1o pasado, aquellos ciudadanos que lo necesitan, ya lo estar\u00edan utilizando. <o:p><\/o:p><\/FONT><\/SPAN><\/p>\n<p> <P class=MsoNormal style=\"MARGIN: 0cm 0cm 0pt\"><SPAN style=\"FONT-SIZE: 16pt\"><o:p><FONT face=\"Times New Roman\"><\/FONT><\/o:p><\/SPAN><\/p>\n<p> <P class=MsoNormal style=\"MARGIN: 0cm 0cm 0pt\"><SPAN style=\"FONT-SIZE: 16pt\"><FONT face=\"Times New Roman\">\u00a1Tendr\u00e1 que ser as\u00ed!&#8230;<o:p><\/o:p><\/FONT><\/SPAN><\/p>\n<p> <P class=MsoNormal style=\"MARGIN: 0cm 0cm 0pt\"><SPAN style=\"FONT-SIZE: 16pt\"><o:p><FONT face=\"Times New Roman\"><\/FONT><\/o:p><\/SPAN><\/p>\n","protected":false},"excerpt":{"rendered":"<p>El primer alcalde de la democracia \u2013 Ernesto S\u00e1enz- , me cuenta en ocasiones, que cuando form\u00f3 gobierno, (tras las primeras elecciones municipales libres en m\u00e1s de cuarenta a\u00f1os), tuvo que dividir las \u00e1reas de gesti\u00f3n del municipio entre sus concejales, pero no solo entre los de su propio partido\u2026\u00a1entre todos!. A cada concejal le [&hellip;]<\/p>\n","protected":false},"author":8872,"featured_media":0,"comment_status":"open","ping_status":"closed","sticky":false,"template":"","format":"standard","meta":[],"categories":[1],"tags":[650,1069,1612],"_links":{"self":[{"href":"https:\/\/blogs.larioja.com\/insolencias\/wp-json\/wp\/v2\/posts\/113"}],"collection":[{"href":"https:\/\/blogs.larioja.com\/insolencias\/wp-json\/wp\/v2\/posts"}],"about":[{"href":"https:\/\/blogs.larioja.com\/insolencias\/wp-json\/wp\/v2\/types\/post"}],"author":[{"embeddable":true,"href":"https:\/\/blogs.larioja.com\/insolencias\/wp-json\/wp\/v2\/users\/8872"}],"replies":[{"embeddable":true,"href":"https:\/\/blogs.larioja.com\/insolencias\/wp-json\/wp\/v2\/comments?post=113"}],"version-history":[{"count":0,"href":"https:\/\/blogs.larioja.com\/insolencias\/wp-json\/wp\/v2\/posts\/113\/revisions"}],"wp:attachment":[{"href":"https:\/\/blogs.larioja.com\/insolencias\/wp-json\/wp\/v2\/media?parent=113"}],"wp:term":[{"taxonomy":"category","embeddable":true,"href":"https:\/\/blogs.larioja.com\/insolencias\/wp-json\/wp\/v2\/categories?post=113"},{"taxonomy":"post_tag","embeddable":true,"href":"https:\/\/blogs.larioja.com\/insolencias\/wp-json\/wp\/v2\/tags?post=113"}],"curies":[{"name":"wp","href":"https:\/\/api.w.org\/{rel}","templated":true}]}}